{"id":944,"date":"2011-09-01T11:38:29","date_gmt":"2011-09-01T10:38:29","guid":{"rendered":"http:\/\/www.traineebloggen.se\/?p=944"},"modified":"2011-09-01T11:38:29","modified_gmt":"2011-09-01T10:38:29","slug":"barceloona","status":"publish","type":"post","link":"https:\/\/www.traineebloggen.se\/index.php\/2011\/09\/trainee\/barceloona\/","title":{"rendered":"Barceloona!"},"content":{"rendered":"<p>Starten p\u00e5 mitt flamenco\/tapas\/lastbils\u00e4ventyr har g\u00e5tt! Tre dagar in i jobbet och jag b\u00f6rjar k\u00e4nna mig trygg nog att blogga igen\u2026 Jag hade en bra semester, tackar som fr\u00e5gar. Den utspelade sig i Stockholm och i Norrbotten och var ganska anspr\u00e5ksl\u00f6s. Nog med kallprat, haha. Eftersom bloggen ligger en vecka efter lovar jag att uppdatera lite oftare s\u00e5 vi kommer i fas igen, ok?<\/p>\n<p>F\u00f6rra s\u00f6ndagen landade jag allts\u00e5 i Barcelona f\u00f6r att mangla spr\u00e5k en vecka. Jag hade tv\u00e5 l\u00e4rare, Monica p\u00e5 f\u00f6rmiddagarna och Georgia p\u00e5 eftermiddagarna. Min kollega Tobias gick tv\u00e4rtom. Privatlektioner \u00e4r kul men utmattande! Resten av skolan bestod av 17-18 \u00e5ringar som var i Barca mest f\u00f6r att partaja och kanske snappa upp lite spr\u00e5k p\u00e5 v\u00e4gen, s\u00e5 det blev ganska tydligt att jag \u00e4r 27 och inte 21 l\u00e4ngre, snyft. Men l\u00e4rarna var duktiga och seri\u00f6sa, det var bra att f\u00e5 chansen att \u00e5ka dit och kunna fr\u00e4scha upp spanskan och h\u00f6ja sig en niv\u00e5. Jag och Tobias hann ocks\u00e5 se r\u00e4tt mycket av Barcelona p\u00e5 eftermiddagarna och kv\u00e4llarna. Jag rekommenderar inte intensiva spr\u00e5kstudier och intensivt turistande i kombination dock, det \u00e4r nog inte s\u00e5 h\u00e5llbart \ud83d\ude42<\/p>\n<p>Varf\u00f6r skicka sina traineer utomlands kan man fr\u00e5ga sig? Vad \u00e4r syftet? Som jag ser det finns det ett par anledningar:<\/p>\n<ul>\n<li>En utlandsperiod g\u00f6r traineeprogrammet mer attraktivt.\u00a0 Det \u00e4r en stor selling point och m\u00e5nga nyexaminerade \u00e4r intresserade av internationella erfarenheter.<\/li>\n<li>Scania \u00e4r ett globalt f\u00f6retag. Att se n\u00e5got annat \u00e4n HQ i S\u00f6dert\u00e4lje v\u00e4ldigt bra f\u00f6r att undvika \u201dhemmablindhet\u201d. Jag som IT-trainee f\u00e5r ocks\u00e5 se hur bitsen och bytesen ser ut utanf\u00f6r brandv\u00e4ggen i S\u00f6dert\u00e4lje.<\/li>\n<li>\u00d6kad kunskap om spr\u00e5k och kulturer.<\/li>\n<\/ul>\n<p>S\u00e4kert finns det fler anledningar som jag inte kommer p\u00e5 f\u00f6r tillf\u00e4llet, men vi sparar dem till kommentarsf\u00e4ltet eller ett senare inl\u00e4gg. H\u00e4r i Madrid ska jag hur som helst jobba med kommunikationsl\u00f6sningar. IP-telefoni, mobiltelefoni, IM, LAN och WAN \u00e4r n\u00e5gra \u00e4mnen som jag f\u00e5r korvstoppa mig med denna g\u00e5ng. Med lite tur och lite skicklighet f\u00e5r jag snudda vid UC (unified communications) ocks\u00e5. Trendigt!<\/p>\n<p>Bjuder p\u00e5 ett par bilder fr\u00e5n Barcelona bara f\u00f6r att retas ocks\u00e5. Hehe.<\/p>\n<div id=\"attachment_945\" style=\"width: 519px\" class=\"wp-caption alignnone\"><a href=\"http:\/\/www.traineebloggen.se\/index.php\/2011\/09\/trainee\/barceloona\/new-picture-1\/\" rel=\"attachment wp-att-945\"><img aria-describedby=\"caption-attachment-945\" decoding=\"async\" loading=\"lazy\" class=\"size-full wp-image-945  \" src=\"http:\/\/www.traineebloggen.se\/wp-content\/uploads\/traineebloggen\/2011\/09\/New-Picture-1.png\" alt=\"\" width=\"509\" height=\"462\" \/><\/a><p id=\"caption-attachment-945\" class=\"wp-caption-text\">Soligt p\u00e5 stranden. \u00c5\u00e5\u00e5h buhu det \u00e4r s\u00e5 synd om mig \ud83d\ude00 \ud83d\ude00<\/p><\/div>\n<div class=\"mceTemp\">\u00a0<\/div>\n<div id=\"attachment_946\" style=\"width: 519px\" class=\"wp-caption alignnone\"><a href=\"http:\/\/www.traineebloggen.se\/index.php\/2011\/09\/trainee\/barceloona\/new-picture\/\" rel=\"attachment wp-att-946\"><img aria-describedby=\"caption-attachment-946\" decoding=\"async\" loading=\"lazy\" class=\"size-full wp-image-946  \" src=\"http:\/\/www.traineebloggen.se\/wp-content\/uploads\/traineebloggen\/2011\/09\/New-Picture.png\" alt=\"\" width=\"509\" height=\"462\" \/><\/a><p id=\"caption-attachment-946\" class=\"wp-caption-text\">Tobbe svettas och svalkar sig samtidigt p\u00e5 EFs poppiga innerg\u00e5rd<\/p><\/div>\n<div class=\"mceTemp\">\u00a0<\/div>\n","protected":false},"excerpt":{"rendered":"<p>Starten p\u00e5 mitt flamenco\/tapas\/lastbils\u00e4ventyr har g\u00e5tt! Tre dagar in i jobbet och jag b\u00f6rjar k\u00e4nna mig trygg nog att blogga igen\u2026 Jag hade en bra semester, tackar som fr\u00e5gar. Den utspelade sig i Stockholm och i Norrbotten och var ganska anspr\u00e5ksl\u00f6s. Nog med kallprat, haha. Eftersom bloggen ligger en vecka efter lovar jag att uppdatera [&hellip;]<\/p>\n","protected":false},"author":20,"featured_media":0,"comment_status":"open","ping_status":"open","sticky":false,"template":"","format":"standard","meta":[],"categories":[86],"tags":[],"_links":{"self":[{"href":"https:\/\/www.traineebloggen.se\/index.php\/wp-json\/wp\/v2\/posts\/944"}],"collection":[{"href":"https:\/\/www.traineebloggen.se\/index.php\/wp-json\/wp\/v2\/posts"}],"about":[{"href":"https:\/\/www.traineebloggen.se\/index.php\/wp-json\/wp\/v2\/types\/post"}],"author":[{"embeddable":true,"href":"https:\/\/www.traineebloggen.se\/index.php\/wp-json\/wp\/v2\/users\/20"}],"replies":[{"embeddable":true,"href":"https:\/\/www.traineebloggen.se\/index.php\/wp-json\/wp\/v2\/comments?post=944"}],"version-history":[{"count":5,"href":"https:\/\/www.traineebloggen.se\/index.php\/wp-json\/wp\/v2\/posts\/944\/revisions"}],"predecessor-version":[{"id":958,"href":"https:\/\/www.traineebloggen.se\/index.php\/wp-json\/wp\/v2\/posts\/944\/revisions\/958"}],"wp:attachment":[{"href":"https:\/\/www.traineebloggen.se\/index.php\/wp-json\/wp\/v2\/media?parent=944"}],"wp:term":[{"taxonomy":"category","embeddable":true,"href":"https:\/\/www.traineebloggen.se\/index.php\/wp-json\/wp\/v2\/categories?post=944"},{"taxonomy":"post_tag","embeddable":true,"href":"https:\/\/www.traineebloggen.se\/index.php\/wp-json\/wp\/v2\/tags?post=944"}],"curies":[{"name":"wp","href":"https:\/\/api.w.org\/{rel}","templated":true}]}}