{"id":8016,"date":"2019-12-06T15:19:30","date_gmt":"2019-12-06T14:19:30","guid":{"rendered":"https:\/\/www.traineebloggen.se\/?p=8016"},"modified":"2019-12-06T15:21:49","modified_gmt":"2019-12-06T14:21:49","slug":"intevju-med-nuvarande-luma-34-viktor-grell","status":"publish","type":"post","link":"https:\/\/www.traineebloggen.se\/index.php\/2019\/12\/trainee\/intevju-med-nuvarande-luma-34-viktor-grell\/","title":{"rendered":"Intevju med nuvarande LUMA #34 &#8211; Viktor Grell"},"content":{"rendered":"\n<p><strong>Vad gjorde du innan du kom till Kinnevik?<\/strong><br>Jag l\u00e4ste min kandidat i Lund innan jag tog min master i International Business i K\u00f6penhamn. Har \u00e4ven bott och jobbat i Hong Kong samt Sydafrika och drivit eget bolag sedan gymnasiet. S\u00e5 sammantaget &#8211; en r\u00e4tt praktiskt lagd person som gillar att jobba n\u00e4ra kund vilket \u00e4r till m\u00e5ngt och mycket drivet av att jag \u00e4r n\u00e4stan besv\u00e4rande nyfiken.<\/p>\n\n\n\n<figure class=\"wp-block-image\"><img decoding=\"async\" loading=\"lazy\" width=\"1024\" height=\"683\" src=\"https:\/\/www.traineebloggen.se\/wp-content\/uploads\/traineebloggen\/2019\/12\/Viktor-1024x683.jpg\" alt=\"\" class=\"wp-image-8017\" srcset=\"https:\/\/www.traineebloggen.se\/wp-content\/uploads\/traineebloggen\/2019\/12\/Viktor-1024x683.jpg 1024w, https:\/\/www.traineebloggen.se\/wp-content\/uploads\/traineebloggen\/2019\/12\/Viktor-300x200.jpg 300w, https:\/\/www.traineebloggen.se\/wp-content\/uploads\/traineebloggen\/2019\/12\/Viktor-768x512.jpg 768w, https:\/\/www.traineebloggen.se\/wp-content\/uploads\/traineebloggen\/2019\/12\/Viktor.jpg 1920w\" sizes=\"(max-width: 1024px) 100vw, 1024px\" \/><figcaption><a href=\"https:\/\/www.kinnevik.com\/team\/luma\">Ans\u00f6k fr\u00e5n den 16:e december &#8211; 26:e januari<\/a><\/figcaption><\/figure>\n\n\n\n<p><strong>Definierande \u00f6gonblick:<\/strong><br>N\u00e4r jag efter f\u00f6rsta \u00e5ret p\u00e5 gymnasiet k\u00f6pte en husvagn fr\u00e5n 1984 tillsammans med en v\u00e4n och parkerade den p\u00e5 Ullareds camping. Utanf\u00f6r varuhuset GeK\u00e5s spenderade vi d\u00e4refter hela sommaren i v\u00e5r hemmabyggda monter s\u00e4ljandes fiskmassage till folk med skoskav efter att ha spenderat timmar shoppandes i butiken.<\/p>\n\n\n\n<p>L\u00e5ter m\u00e4rkligt jag vet, men efter att ha spenderat m\u00e5nga l\u00e5nga dagar utanf\u00f6r varuhuset pratandes med lite f\u00f6r m\u00e5nga av de 20.000\u201325.000 kunderna som kom dit dagligen, var det en tid jag \u00e4r v\u00e4ldigt stolt \u00f6ver idag. Det l\u00e4rde mig s\u00e4lj vid en tidig \u00e5lder och kicken av att erbjuda n\u00e5got som fyller ett behov hos m\u00e4nniskor. Jag spenderade ytterligare tre somrar utanf\u00f6r varuhuset tillsammans med totalt 12 av mina v\u00e4nner som jag anst\u00e4llde. Jag var den enda som var underlig nog att stanna kvar alla \u00e5r\u2026<\/p>\n\n\n\n<p><strong>Varf\u00f6r s\u00f6kte du dig till Kinnevik?&nbsp;<\/strong><br>Detta har v\u00e4xt fram under en l\u00e4ngre tid. Redan vid en tidig \u00e5lder s\u00e5g jag dokument\u00e4rerna om Kinnevik och h\u00f6rde talas om bolagen som kom fr\u00e5n denna grupp. De andades utmanare, entrepren\u00f6rskap och internationella ambitioner. N\u00e4r jag satt i ans\u00f6kningsprocesser f\u00f6rra h\u00f6sten och r\u00e5kade trilla in p\u00e5 Kinneviks hemsida fick jag tillbaka den k\u00e4nslan. Bolaget \u00e4r idag och har alltid varit i st\u00e4ndig f\u00f6r\u00e4ndring, vilket \u00e4r enormt sp\u00e4nnande och l\u00e4rorikt att f\u00e5 vara en del av.<\/p>\n\n\n\n<p>F\u00f6r en person som egentligen aldrig hade t\u00e4nkt jobba f\u00f6r n\u00e5gon annan och ibland g\u00e5tt lite annorlunda v\u00e4gar, k\u00e4ndes det v\u00e4ldigt naturligt att hamna p\u00e5 ett st\u00e4lle med ett litet och avslappnat team som tillsammans med passionerade entrepren\u00f6rer bygger bolag som fokuserar p\u00e5 att hela tiden g\u00f6ra livet lite b\u00e4ttre f\u00f6r konsumenter.<\/p>\n\n\n\n<p><strong>Vad tilltalade dig med LUMArollen?<\/strong><br>F\u00f6rst och fr\u00e4mst fanns en sp\u00e4nning i den mytomspunna historien kring LUMA-tj\u00e4nsten som funnits sedan 70-talet och innehavts av 33 personer f\u00f6re mig. En sak \u00e4r s\u00e4ker \u2013 det r\u00e5der inte brist p\u00e5 roliga historier kring Lumarollen h\u00e4r p\u00e5 Skeppsbron 18 och tro mig, de skapas \u00e4n idag.<\/p>\n\n\n\n<blockquote class=\"wp-block-quote\"><p><em>Ju mer jag b\u00f6rjade f\u00f6rst\u00e5 om hur Kinnevik ser ut idag och fick tr\u00e4ffa m\u00e4nniskorna som jobbar h\u00e4r desto mer ins\u00e5g jag att det i slut\u00e4ndan fr\u00e4mst handlar om ett g\u00e4ng v\u00e4ldigt duktiga m\u00e4nniskor som har kul ihop och v\u00e5gar sticka ut hakan. N\u00e4r jag f\u00f6rstod det under rekryteringsprocessen blev det en avg\u00f6rande faktor &#8211;&nbsp; jag k\u00e4nde att jag m\u00e5ste f\u00e5 den h\u00e4r tj\u00e4nsten.<\/em><\/p><\/blockquote>\n\n\n\n<p><strong>Vad tror du att du kommer l\u00e4ra dig av detta \u00e5r?<\/strong><br>Man f\u00e5r ofta h\u00f6ra att det viktigaste man kan g\u00f6ra n\u00e4r man v\u00e4ljer sitt f\u00f6rsta jobb \u00e4r att f\u00f6rs\u00f6ka hamna bland duktiga m\u00e4nniskor som man kan l\u00e4ra sig av &#8211; s\u00e5dana finns det gott om h\u00e4r. Sen tycker jag att det viktiga p\u00e5 en traineetj\u00e4nst \u00e4r att f\u00e5 till\u00e4mpa teorin jag l\u00e4rt mig p\u00e5 universitet i praktiken. Det gillar jag skarpt med Kinnevik, h\u00e4r vill man bygga l\u00e5nglivade bolag som verkligen f\u00f6r\u00e4ndrar branscher p\u00e5 riktigt.<\/p>\n\n\n\n<p>Tittar jag fram\u00e5t, s\u00e5 uppskattar jag att Luman efter \u00e5ret som trainee uppmuntras att s\u00f6ka sig vidare inom n\u00e5got av bolagen i gruppen. Att d\u00e4r f\u00e5 praktisk erfarenhet samtidigt som man har kvar \u00e4garperspektivet i bakhuvudet k\u00e4nns som en oslagbar kombination f\u00f6r ens framtida karri\u00e4r.<\/p>\n\n\n\n<p><strong>Beskriv rollen:<\/strong><br>Jag skulle s\u00e4ga att det finns tv\u00e5 huvudsakliga delar som man arbetar med. Den ena delen \u00e4r det n\u00e4ra arbetet med ledningsgruppen d\u00e4r mycket \u00e4r kopplat till nuvarande l\u00f6pande projekt. H\u00e4r ligger \u00e5terkommande uppgifter som att f\u00f6rbereda material till ledning och styrelse, och man f\u00e5r \u00e4ven exponering mot diskussioner p\u00e5 h\u00f6gsta strategiska niv\u00e5. Det \u00e4r ibland lite surrealistiskt f\u00f6r en nyexaminerad student men framf\u00f6rallt otroligt givande. H\u00e4r ligger \u00e4ven n\u00e5got av det mest intressanta &#8211; mentorskapet med Kinneviks vd Georgi Ganev.<\/p>\n\n\n\n<p>Den andra delen som man g\u00e5r in i mer och mer under tiden \u00e4r projektbaserad och styrs b\u00e5de av vad som h\u00e4nder i bolaget och vad man sj\u00e4lv tar f\u00f6r initiativ. Hittills har jag bland annat arrangerat workshops f\u00f6r v\u00e5ra portf\u00f6ljbolag och suttit med i en jurypanel f\u00f6r den ideella organisationen Reach for Change som Kinnevik varit med och grundat. Men jag har \u00e4ven r\u00f6jt p\u00e5 lagret och hanterat tekniken p\u00e5 v\u00e5r kapitalmarknadsdag, s\u00e5 det \u00e4r verkligen h\u00f6gt och l\u00e5gt. Det \u00e4r en del av charmen och kr\u00e4ver att man \u00e4r handlingsorienterad, nyfiken och har en \u201dcan do\u201d-attityd.<\/p>\n\n\n\n<p><strong>Ditt intryck efter fyra m\u00e5nader:<\/strong><br>En talande kommentar som jag fick h\u00f6ra r\u00e4tt tidigt under rekryteringsprocessen var att \u201ddet enda som \u00e4r konstant p\u00e5 Kinnevik \u00e4r att allting alltid \u00e4r i f\u00f6r\u00e4ndring\u201d. Det var inte sista g\u00e5ngen jag fick h\u00f6ra det och nu h\u00f6r jag mig sj\u00e4lv s\u00e4ga det r\u00e4tt ofta n\u00e4r n\u00e5gon fr\u00e5gar om Kinnevik. Det \u00e4r verkligen en dynamisk milj\u00f6 och det \u00e4r just det som \u00e4r k\u00e4rnan. Man v\u00e4xer lite varje dag och finner till slut ett lugn i att allt g\u00e5r att l\u00f6sa med lite viljestyrka och n\u00e4r man tar hj\u00e4lp av varandra.&nbsp;<\/p>\n\n\n\n<figure class=\"wp-block-embed-youtube wp-block-embed is-type-video is-provider-youtube wp-embed-aspect-4-3 wp-has-aspect-ratio\"><div class=\"wp-block-embed__wrapper\">\n<iframe loading=\"lazy\" width=\"500\" height=\"375\" src=\"https:\/\/www.youtube.com\/embed\/_xcxLRkM2Hg?feature=oembed\" frameborder=\"0\" allow=\"accelerometer; autoplay; encrypted-media; gyroscope; picture-in-picture\" allowfullscreen><\/iframe>\n<\/div><\/figure>\n","protected":false},"excerpt":{"rendered":"<p>Vad gjorde du innan du kom till Kinnevik?Jag l\u00e4ste min kandidat i Lund innan jag tog min master i International Business i K\u00f6penhamn. Har \u00e4ven bott och jobbat i Hong Kong samt Sydafrika och drivit eget bolag sedan gymnasiet. S\u00e5 sammantaget &#8211; en r\u00e4tt praktiskt lagd person som gillar att jobba n\u00e4ra kund vilket \u00e4r [&hellip;]<\/p>\n","protected":false},"author":258,"featured_media":0,"comment_status":"open","ping_status":"closed","sticky":false,"template":"","format":"standard","meta":[],"categories":[668],"tags":[],"_links":{"self":[{"href":"https:\/\/www.traineebloggen.se\/index.php\/wp-json\/wp\/v2\/posts\/8016"}],"collection":[{"href":"https:\/\/www.traineebloggen.se\/index.php\/wp-json\/wp\/v2\/posts"}],"about":[{"href":"https:\/\/www.traineebloggen.se\/index.php\/wp-json\/wp\/v2\/types\/post"}],"author":[{"embeddable":true,"href":"https:\/\/www.traineebloggen.se\/index.php\/wp-json\/wp\/v2\/users\/258"}],"replies":[{"embeddable":true,"href":"https:\/\/www.traineebloggen.se\/index.php\/wp-json\/wp\/v2\/comments?post=8016"}],"version-history":[{"count":3,"href":"https:\/\/www.traineebloggen.se\/index.php\/wp-json\/wp\/v2\/posts\/8016\/revisions"}],"predecessor-version":[{"id":8020,"href":"https:\/\/www.traineebloggen.se\/index.php\/wp-json\/wp\/v2\/posts\/8016\/revisions\/8020"}],"wp:attachment":[{"href":"https:\/\/www.traineebloggen.se\/index.php\/wp-json\/wp\/v2\/media?parent=8016"}],"wp:term":[{"taxonomy":"category","embeddable":true,"href":"https:\/\/www.traineebloggen.se\/index.php\/wp-json\/wp\/v2\/categories?post=8016"},{"taxonomy":"post_tag","embeddable":true,"href":"https:\/\/www.traineebloggen.se\/index.php\/wp-json\/wp\/v2\/tags?post=8016"}],"curies":[{"name":"wp","href":"https:\/\/api.w.org\/{rel}","templated":true}]}}