{"id":6077,"date":"2017-09-08T13:18:07","date_gmt":"2017-09-08T12:18:07","guid":{"rendered":"http:\/\/www.traineebloggen.se\/?p=6077"},"modified":"2017-09-08T13:18:07","modified_gmt":"2017-09-08T12:18:07","slug":"emilia-gastbloggar","status":"publish","type":"post","link":"https:\/\/www.traineebloggen.se\/index.php\/2017\/09\/trainee\/emilia-gastbloggar\/","title":{"rendered":"Emilia g\u00e4stbloggar"},"content":{"rendered":"<p style=\"margin: 0cm;margin-bottom: .0001pt\"><span style=\"font-size: 11.0pt;font-family: 'Calibri',sans-serif;color: black\">Hej!<\/span><\/p>\n<p style=\"margin: 0cm;margin-bottom: .0001pt\"><span style=\"font-size: 11.0pt;font-family: 'Calibri',sans-serif;color: black\">\u00a0<\/span><\/p>\n<p style=\"margin: 0cm;margin-bottom: .0001pt\"><span style=\"font-size: 11.0pt;font-family: 'Calibri',sans-serif;color: black\">Mitt namn \u00e4r Emilia och just nu g\u00f6r jag mitt tredje block inom JMs Traineeprogram p\u00e5 Centrala Ink\u00f6p. Ink\u00f6psavdelningen skapar avtal f\u00f6r organisationen att handla fr\u00e5n. H\u00e4r ser man till att alla v\u00e5ra leverant\u00f6rer jobbar p\u00e5 schyssta villkor, erbjuder bra och s\u00e4kra produkter och uppr\u00e4tth\u00e5ller goda samarbeten.<\/span><\/p>\n<p style=\"margin: 0cm;margin-bottom: .0001pt\"><span style=\"font-size: 11.0pt;font-family: 'Calibri',sans-serif;color: black\">\u00a0<\/span><\/p>\n<p style=\"margin: 0cm;margin-bottom: .0001pt\"><span style=\"font-size: 11.0pt;font-family: 'Calibri',sans-serif;color: black\">S\u00e5 f\u00f6r att presentera mig lite s\u00e5 g\u00e5r jag helt enkelt p\u00e5 mina kollegors linje och anv\u00e4nder samma formul\u00e4r\u2026<\/span><\/p>\n<p style=\"margin: 0cm 0cm 18.0pt 0cm\"><span style=\"font-size: 11.0pt;font-family: 'Calibri',sans-serif;color: #141412\">Namn: Emilia Olinder<br \/>\n\u00c5lder: 26 \u00e5r<br \/>\nUtbildning: Civ.Ing \u2013 Lantm\u00e4teri, LTH<br \/>\nTj\u00e4nst: Trainee inom Projektutveckling p\u00e5 JM Region Syd (Malm\u00f6)<br \/>\nBlock: 3\/5 \u2013 Centrala Ink\u00f6p, Koncernstab Centrala Ink\u00f6p JM AB Stockholm<br \/>\nBor: Just nu Stureby, Stockholm vanligtvis Lund.<br \/>\nFr\u00e5n: Link\u00f6ping<\/span><\/p>\n<p style=\"margin: 0cm;margin-bottom: .0001pt\"><span style=\"font-size: 11.0pt;font-family: 'Calibri',sans-serif;color: black\">Traineetj\u00e4nsten inneb\u00e4r att man ska spendera n\u00e5gra m\u00e5nader p\u00e5 en annan region \u00e4n vad man vanligtvis tillh\u00f6r. Detta f\u00f6r att bredda sitt kontaktn\u00e4t och skapa st\u00f6rre f\u00f6rst\u00e5else f\u00f6r verksamheten.<\/span><\/p>\n<p style=\"margin: 0cm;margin-bottom: .0001pt\"><span style=\"font-size: 11.0pt;font-family: 'Calibri',sans-serif;color: black\">\u00a0<\/span><\/p>\n<p style=\"margin: 0cm;margin-bottom: .0001pt\"><span style=\"font-size: 11.0pt;font-family: 'Calibri',sans-serif;color: black\">Och f\u00f6r mig \u00e4r det v\u00e4ldigt roligt att f\u00e5 komma till Stockholm en hel sommar (maj-oktober) och f\u00e5 se vad v\u00e5r huvudstad har att erbjuda. Det har blivit en hel del Sk\u00e4rg\u00e5rdsturer, restaurangbes\u00f6k och AWs p\u00e5 olika takterrasser. Bostad har JM f\u00f6rsett mig med. En f\u00f6ruts\u00e4ttning f\u00f6r att kunna g\u00f6ra dessa bortablock med tanke p\u00e5 hur bostadsmarknaden ser ut!<\/span><\/p>\n<p style=\"margin: 0cm;margin-bottom: .0001pt\"><span style=\"font-size: 11.0pt;font-family: 'Calibri',sans-serif;color: black\">\u00a0<\/span><\/p>\n<p style=\"margin: 0cm;margin-bottom: .0001pt\"><span style=\"font-size: 11.0pt;font-family: 'Calibri',sans-serif;color: black\">P\u00e5 Centrala ink\u00f6p tillh\u00f6r jag kategorigruppen &#8220;Indirekta ink\u00f6p&#8221; vilket omfattar alla produkter och tj\u00e4nster som inte stannar kvar i huset vid f\u00f6rs\u00e4ljning. Det \u00e4r bland annat konsulter, st\u00e4dservice, digitala tj\u00e4nster m.m. Ink\u00f6psprocessen \u00e4r v\u00e4ldigt strukturerad. Vi tar fram\u00a0<\/span><span style=\"font-size: 11.0pt;font-family: 'Calibri',sans-serif;color: #141412\">en strategi, ett f\u00f6rfr\u00e5gningsunderlag, presenterar och f\u00f6rankrar internt, f\u00f6rhandlar och sluter slutligen avtal med leverant\u00f6rer. Mycket kontakt med leverant\u00f6rer och intern kommunikation, j\u00e4tteroligt tycker jag.<\/span><\/p>\n<p style=\"margin: 0cm;margin-bottom: .0001pt\"><span style=\"font-size: 11.0pt;font-family: 'Calibri',sans-serif;color: black\">\u00a0<\/span><\/p>\n<p style=\"margin: 0cm;margin-bottom: .0001pt\"><span style=\"font-size: 11.0pt;font-family: 'Calibri',sans-serif;color: black\">Att skriva ner vad man har gjort g\u00f6r att man b\u00f6rjar reflektera \u00f6ver hur mycket man egentligen har l\u00e4rt sig. Att vara &#8220;ny p\u00e5 jobbet&#8221; var 5e m\u00e5nad g\u00f6r att man blir mycket mer sj\u00e4lvs\u00e4ker i att ta tag i nya utmaningar. Man f\u00e5r verkligen en bredare bild av hur olika delar av verksamheten fungerar och l\u00e4r k\u00e4nna folk som man annars aldrig hade haft annat \u00e4n en kort mailkonversation med.<\/span><\/p>\n<p style=\"margin: 0cm;margin-bottom: .0001pt\"><span style=\"font-size: 11.0pt;font-family: 'Calibri',sans-serif;color: black\">\u00a0<\/span><\/p>\n<p style=\"margin: 0cm;margin-bottom: .0001pt\"><span style=\"font-size: 11.0pt;font-family: 'Calibri',sans-serif;color: black\">Ha det bra!<\/span><\/p>\n<p style=\"margin: 0cm;margin-bottom: .0001pt\"><span style=\"font-size: 11.0pt;font-family: 'Calibri',sans-serif;color: black\">\u00a0<\/span><\/p>\n<p style=\"margin: 0cm;margin-bottom: .0001pt\"><span style=\"font-size: 11.0pt;font-family: 'Calibri',sans-serif;color: black\">\/\/Emilia<\/span><\/p>\n","protected":false},"excerpt":{"rendered":"<p>Hej! \u00a0 Mitt namn \u00e4r Emilia och just nu g\u00f6r jag mitt tredje block inom JMs Traineeprogram p\u00e5 Centrala Ink\u00f6p. Ink\u00f6psavdelningen skapar avtal f\u00f6r organisationen att handla fr\u00e5n. H\u00e4r ser man till att alla v\u00e5ra leverant\u00f6rer jobbar p\u00e5 schyssta villkor, erbjuder bra och s\u00e4kra produkter och uppr\u00e4tth\u00e5ller goda samarbeten. \u00a0 S\u00e5 f\u00f6r att presentera mig [&hellip;]<\/p>\n","protected":false},"author":140,"featured_media":0,"comment_status":"open","ping_status":"closed","sticky":false,"template":"","format":"standard","meta":[],"categories":[531],"tags":[],"_links":{"self":[{"href":"https:\/\/www.traineebloggen.se\/index.php\/wp-json\/wp\/v2\/posts\/6077"}],"collection":[{"href":"https:\/\/www.traineebloggen.se\/index.php\/wp-json\/wp\/v2\/posts"}],"about":[{"href":"https:\/\/www.traineebloggen.se\/index.php\/wp-json\/wp\/v2\/types\/post"}],"author":[{"embeddable":true,"href":"https:\/\/www.traineebloggen.se\/index.php\/wp-json\/wp\/v2\/users\/140"}],"replies":[{"embeddable":true,"href":"https:\/\/www.traineebloggen.se\/index.php\/wp-json\/wp\/v2\/comments?post=6077"}],"version-history":[{"count":1,"href":"https:\/\/www.traineebloggen.se\/index.php\/wp-json\/wp\/v2\/posts\/6077\/revisions"}],"predecessor-version":[{"id":6078,"href":"https:\/\/www.traineebloggen.se\/index.php\/wp-json\/wp\/v2\/posts\/6077\/revisions\/6078"}],"wp:attachment":[{"href":"https:\/\/www.traineebloggen.se\/index.php\/wp-json\/wp\/v2\/media?parent=6077"}],"wp:term":[{"taxonomy":"category","embeddable":true,"href":"https:\/\/www.traineebloggen.se\/index.php\/wp-json\/wp\/v2\/categories?post=6077"},{"taxonomy":"post_tag","embeddable":true,"href":"https:\/\/www.traineebloggen.se\/index.php\/wp-json\/wp\/v2\/tags?post=6077"}],"curies":[{"name":"wp","href":"https:\/\/api.w.org\/{rel}","templated":true}]}}