{"id":6012,"date":"2017-08-25T09:46:13","date_gmt":"2017-08-25T08:46:13","guid":{"rendered":"http:\/\/www.traineebloggen.se\/?p=6012"},"modified":"2017-08-25T09:46:13","modified_gmt":"2017-08-25T08:46:13","slug":"gastblogg-av-jakob","status":"publish","type":"post","link":"https:\/\/www.traineebloggen.se\/index.php\/2017\/08\/trainee\/gastblogg-av-jakob\/","title":{"rendered":"G\u00e4stblogg av Jakob"},"content":{"rendered":"<p>Hej!<\/p>\n<p>Nu har \u00e4ven jag f\u00e5tt \u00e4ran att g\u00e4stblogga h\u00e4r p\u00e5 Traineebloggen. Jag heter Jakob Lageryd och har precis som Alexandra och mina tidigare g\u00e4stbloggande traineekollegor arbetat p\u00e5 JM sedan slutet av augusti f\u00f6rra \u00e5ret. Detta betyder att vi nu \u00e4r halvv\u00e4gs igenom programmet och att vi i dagarna f\u00e5tt s\u00e4llskap av en ny \u00e5rskull traineer!<\/p>\n<p>F\u00f6r att presentera mig sj\u00e4lv t\u00e4nkte jag skaml\u00f6st stj\u00e4la Christoffers uppl\u00e4gg fr\u00e5n tidigare g\u00e4stblogg.<\/p>\n<p>Namn: Jakob Lageryd<br \/>\n\u00c5lder: 27 \u00e5r<br \/>\nUtbildning: Civ.Ing &#8211; Industriell Ekonomi, LTH<br \/>\nTj\u00e4nst: Trainee inom Projektutveckling p\u00e5 JM Entreprenad<br \/>\nBlock: 3\/5 \u2013 Projektledning, JM AB Region \u00d6st<br \/>\nBor: Stockholm<br \/>\nFr\u00e5n: Stockholm<\/p>\n<p>Till vardags arbetar jag p\u00e5 JM Entreprenad i Solna men h\u00e5ller f\u00f6r n\u00e4rvarande till p\u00e5 JM AB &#8211; Region \u00d6st d\u00e4r jag g\u00f6r mitt block inom projektledning. Eftersom jag \u00e4r den enda traineen fr\u00e5n v\u00e5r \u00e5rg\u00e5ng som h\u00f6r till just JM Entreprenad t\u00e4nkte jag ta tillf\u00e4llet i akt att sn\u00f6a in lite extra p\u00e5 vad jag sysslat med d\u00e4r och vad som skiljer JM Entreprenad fr\u00e5n \u00f6vriga JM.<\/p>\n<div id=\"attachment_1538\" style=\"width: 454px\" class=\"wp-caption alignnone\"><a href=\"http:\/\/jmbloggar.se\/trainee\/wp-content\/uploads\/sites\/4\/2017\/08\/Jakob-bild1.png\"><img aria-describedby=\"caption-attachment-1538\" decoding=\"async\" loading=\"lazy\" class=\"size-full wp-image-1538\" src=\"http:\/\/jmbloggar.se\/trainee\/wp-content\/uploads\/sites\/4\/2017\/08\/Jakob-bild1.png\" alt=\"F\u00f6re- och efterbild fr\u00e5n produktionsblocket. \" width=\"444\" height=\"318\" \/><\/a><p id=\"caption-attachment-1538\" class=\"wp-caption-text\">F\u00f6re- och efterbild fr\u00e5n produktionsblocket.<\/p><\/div>\n<p>JM Entreprenad utg\u00f6r en speciell del av JM koncernen eftersom man arbetar \u201dBusiness to business\u201d och allts\u00e5 bygger \u00e5t externa best\u00e4llare. Detta kan j\u00e4mf\u00f6ras med JM AB som enbart bygger i egen regi. Dessutom bygger JM Entreprenad heller inte enbart bost\u00e4der utan \u00e4ven kommersiella lokaler (ex. flygplatser, kontorsfastigheter och skolor) och anl\u00e4ggningsarbeten (ex. kajer, infrastrukturprojekt exploateringsarbeten). D\u00e4rtill finns \u00e4ven avdelningar som \u00e4r specialiserade p\u00e5 fasader och aff\u00e4rsutveckling.<\/p>\n<p>Att st\u00e4ndigt arbeta mot en extern best\u00e4llare g\u00f6r att organisationen m\u00e5ste arbeta kundorienterat och s\u00e4ljande p\u00e5 ett annat s\u00e4tt \u00e4n \u00f6vriga JM som arbetar direkt mot privatpersoner. Dessa arbetss\u00e4tt \u00e4r sp\u00e4nnande p\u00e5 olika s\u00e4tt och att genom traineeprogrammet f\u00e5 m\u00f6jligheten att testa p\u00e5 b\u00e5da delarna \u00e4r v\u00e4ldigt roligt.<\/p>\n<p>Att det \u00e4r utomst\u00e5ende f\u00f6retag som \u00e4r best\u00e4llare av projekten medf\u00f6r att man i det flesta fall m\u00e5ste t\u00e4vla om aff\u00e4ren mot konkurrerande f\u00f6retag. Detta g\u00f6rs i regel genom att man l\u00e4mnar in ett anbud till det best\u00e4llande f\u00f6retaget d\u00e4r man har ber\u00e4knat till vilket pris man kan genomf\u00f6ra projektet.<\/p>\n<p>Det var med detta jag fick arbeta med under traineeprogrammets andra block och man fick snabbt respekt f\u00f6r att det kan vara en sv\u00e5r balansg\u00e5ng att komma fram till ett pris som \u00e4r tillr\u00e4ckligt h\u00f6gt f\u00f6r att g\u00e5 med vinst p\u00e5 projektet samtidigt som det ska vara l\u00e4gre \u00e4n vad konkurrenterna \u00e4r beredda att g\u00e5. En helt klart viktig process att f\u00e5 insyn i!<\/p>\n<p>Jag hann \u00e4ven med att arbeta med ink\u00f6p samt genomf\u00f6ra en utredning \u00e5t verksamhetsutveckling p\u00e5 JM Entreprenad innan det var dags att packa portf\u00f6ljen och g\u00f6ra sig redo f\u00f6r nya arbetsuppgifter p\u00e5 Region \u00d6st i V\u00e4ster\u00e5s. Det \u00e4r n\u00e4mligen d\u00e4r som jag nu har min arbetsplats. Projekten jag \u00e4r involverad i \u00e4r dock i \u00d6rebro och regionshuvudkontoret ligger i Uppsala s\u00e5 det blir en del farande mellan dessa platser. Samtidigt \u00e4r det v\u00e4ldigt roligt att f\u00e5 se och arbeta p\u00e5 flera olika orter och JM-kontor. Det som k\u00e4nns bra \u00e4r ocks\u00e5 att oavsett arbetsplats har alla kollegor varit v\u00e4ldigt trevliga och v\u00e4lkomnande vilket inte ska underskattas d\u00e5 man som trainee alltid \u00e4r mer eller mindre ny p\u00e5 jobbet.<\/p>\n<div id=\"attachment_1539\" style=\"width: 427px\" class=\"wp-caption alignnone\"><a href=\"http:\/\/jmbloggar.se\/trainee\/wp-content\/uploads\/sites\/4\/2017\/08\/Jakob-bild2-e1503650505164.jpg\"><img aria-describedby=\"caption-attachment-1539\" decoding=\"async\" loading=\"lazy\" class=\"size-full wp-image-1539\" src=\"http:\/\/jmbloggar.se\/trainee\/wp-content\/uploads\/sites\/4\/2017\/08\/Jakob-bild2-e1503650505164.jpg\" alt=\"K\u00f6n ringlar l\u00e5ng inf\u00f6r VIP-lanseringen av ett av \u00d6rebroprojekten.\" width=\"417\" height=\"556\" \/><\/a><p id=\"caption-attachment-1539\" class=\"wp-caption-text\">K\u00f6n ringlar l\u00e5ng inf\u00f6r VIP-lanseringen av ett av \u00d6rebroprojekten.<\/p><\/div>\n<p>De projekt jag \u00e4r involverad i \u00e4r alla i olika skeden och just detta \u00e4r bland de mest lockande aspekterna av projektledarrollen; att man fr\u00e5n driva projekt fr\u00e5n tidiga skeden med beslut om exempelvis utformning och m\u00e5lgrupp \u00e4nda fram tills det att kunderna har flyttat in. Arbetsuppgifterna kan d\u00e4rf\u00f6r variera beroende p\u00e5 i vilket skede projekten ligger i. Under de senaste veckorna har jag exempelvis tr\u00e4ffat kunder vid slutbesiktningar av ett n\u00e4stintill f\u00e4rdigst\u00e4llt projekt, f\u00f6rberett en\u00a0 presentation om projektid\u00e9n f\u00f6r ett kommande projekt, analyserat k\u00f6panm\u00e4lningar fr\u00e5n ett sluts\u00e5lt projekt samt arbetat med att ta fram en ekonomisk plan.<\/p>\n<div id=\"attachment_1540\" style=\"width: 476px\" class=\"wp-caption alignnone\"><a href=\"http:\/\/jmbloggar.se\/trainee\/wp-content\/uploads\/sites\/4\/2017\/08\/Jakob-bild3.jpg\"><img aria-describedby=\"caption-attachment-1540\" decoding=\"async\" loading=\"lazy\" class=\" wp-image-1540\" src=\"http:\/\/jmbloggar.se\/trainee\/wp-content\/uploads\/sites\/4\/2017\/08\/Jakob-bild3.jpg\" alt=\"S\u00e5h\u00e4r \u00e4r det t\u00e4nkt att ett av \u00d6rebroprojekten ska se ut n\u00e4r det st\u00e5r klart.\" width=\"466\" height=\"272\" \/><\/a><p id=\"caption-attachment-1540\" class=\"wp-caption-text\">S\u00e5h\u00e4r \u00e4r det t\u00e4nkt att ett av \u00d6rebroprojekten ska se ut n\u00e4r det st\u00e5r klart.<\/p><\/div>\n<p>Det var en n\u00e5gorlunda komprimerad sammanfattning av mitt f\u00f6rsta \u00e5r p\u00e5 JM, ha det bra!<\/p>\n<p>\/Jakob<\/p>\n","protected":false},"excerpt":{"rendered":"<p>Hej! Nu har \u00e4ven jag f\u00e5tt \u00e4ran att g\u00e4stblogga h\u00e4r p\u00e5 Traineebloggen. Jag heter Jakob Lageryd och har precis som Alexandra och mina tidigare g\u00e4stbloggande traineekollegor arbetat p\u00e5 JM sedan slutet av augusti f\u00f6rra \u00e5ret. Detta betyder att vi nu \u00e4r halvv\u00e4gs igenom programmet och att vi i dagarna f\u00e5tt s\u00e4llskap av en ny \u00e5rskull [&hellip;]<\/p>\n","protected":false},"author":140,"featured_media":0,"comment_status":"open","ping_status":"closed","sticky":false,"template":"","format":"standard","meta":[],"categories":[531],"tags":[],"_links":{"self":[{"href":"https:\/\/www.traineebloggen.se\/index.php\/wp-json\/wp\/v2\/posts\/6012"}],"collection":[{"href":"https:\/\/www.traineebloggen.se\/index.php\/wp-json\/wp\/v2\/posts"}],"about":[{"href":"https:\/\/www.traineebloggen.se\/index.php\/wp-json\/wp\/v2\/types\/post"}],"author":[{"embeddable":true,"href":"https:\/\/www.traineebloggen.se\/index.php\/wp-json\/wp\/v2\/users\/140"}],"replies":[{"embeddable":true,"href":"https:\/\/www.traineebloggen.se\/index.php\/wp-json\/wp\/v2\/comments?post=6012"}],"version-history":[{"count":1,"href":"https:\/\/www.traineebloggen.se\/index.php\/wp-json\/wp\/v2\/posts\/6012\/revisions"}],"predecessor-version":[{"id":6013,"href":"https:\/\/www.traineebloggen.se\/index.php\/wp-json\/wp\/v2\/posts\/6012\/revisions\/6013"}],"wp:attachment":[{"href":"https:\/\/www.traineebloggen.se\/index.php\/wp-json\/wp\/v2\/media?parent=6012"}],"wp:term":[{"taxonomy":"category","embeddable":true,"href":"https:\/\/www.traineebloggen.se\/index.php\/wp-json\/wp\/v2\/categories?post=6012"},{"taxonomy":"post_tag","embeddable":true,"href":"https:\/\/www.traineebloggen.se\/index.php\/wp-json\/wp\/v2\/tags?post=6012"}],"curies":[{"name":"wp","href":"https:\/\/api.w.org\/{rel}","templated":true}]}}