{"id":5992,"date":"2017-07-07T13:08:18","date_gmt":"2017-07-07T12:08:18","guid":{"rendered":"http:\/\/www.traineebloggen.se\/?p=5992"},"modified":"2017-07-07T13:08:18","modified_gmt":"2017-07-07T12:08:18","slug":"jonas-gastbloggar","status":"publish","type":"post","link":"https:\/\/www.traineebloggen.se\/index.php\/2017\/07\/trainee\/jonas-gastbloggar\/","title":{"rendered":"Jonas g\u00e4stbloggar"},"content":{"rendered":"<p>Jag har f\u00e5tt ett fint mejl fr\u00e5n Alexandra med fr\u00e5gan om jag skulle kunna vara g\u00e4stbloggare vilket jag givetvis kan och vill!<\/p>\n<p>Jag heter Jonas och h\u00e4nger f\u00f6r tillf\u00e4llet p\u00e5 Oslokontoret i mitt tredje block d\u00e4r jag g\u00e5r som bitr\u00e4dande projektledare. Jag m\u00e5ste b\u00f6rja det h\u00e4r inl\u00e4gget med att kommentera norrm\u00e4nnens of\u00f6rm\u00e5ga att inte ta fika 2-3ggr per arbetsdag. Till en b\u00f6rjan saknade jag det oerh\u00f6rt men nu, efter lite drygt tv\u00e5 m\u00e5nader, klarar jag mig galant utan och m\u00e5ste snarare st\u00e4mma in i en f\u00f6rundran \u00f6ver Sveriges vana att springa fram och tillbaka mellan fikarum och arbetsplats. Sedan m\u00e5ste jag svara att Ja! De \u00e4ter v\u00e4ldigt mycket mackor h\u00e4r, vilket \u00e4r det vanligaste som har kommit p\u00e5 tal innan jag \u00e5kte hit n\u00e4r jag ber\u00e4ttat f\u00f6r folk om att jag ska bo och arbeta i Norge.<\/p>\n<p>Sedan finns det s\u00e5klart en massa fallgropar i spr\u00e5ket som l\u00e4tt f\u00f6rvirrar en men som ger sig efter ett tag.<\/p>\n<p>H\u00e4r \u00e4r n\u00e5gra exempel:<\/p>\n<p>Svenska \u00a0 \u00a0 \u00a0 \u00a0 \u00a0 \u00a0 \u00a0 \u00a0\u2013 \u00a0 \u00a0 \u00a0 \u00a0 \u00a0 \u00a0 \u00a0 Norska<\/p>\n<p>Projektledare \u00a0 \u00a0 \u2013 \u00a0 \u00a0 \u00a0 \u00a0 \u00a0 \u00a0 \u00a0 Projektchef<\/p>\n<p>Arbetschef \u00a0 \u00a0 \u00a0 \u00a0 \u00a0 \u2013 \u00a0 \u00a0 \u00a0 \u00a0 \u00a0 \u00a0 \u00a0Projektledare<\/p>\n<p>FKI \u00a0 \u00a0 \u00a0 \u00a0 \u00a0 \u00a0 \u00a0 \u00a0 \u00a0 \u00a0 \u00a0 \u00a0 \u00a0\u2013 \u00a0 \u00a0 \u00a0 \u00a0 \u00a0 \u00a0 \u00a0 NKI<\/p>\n<p>M\u00e4ta \u00a0 \u00a0 \u00a0 \u00a0 \u00a0 \u00a0 \u00a0 \u00a0 \u00a0 \u00a0 \u00a0\u2013 \u00a0 \u00a0 \u00a0 \u00a0 \u00a0 \u00a0 \u00a0 M\u00e5le<\/p>\n<p>Rolig \u00a0 \u00a0 \u00a0 \u00a0 \u00a0 \u00a0 \u00a0 \u00a0 \u00a0 \u00a0 \u00a0\u2013 \u00a0 \u00a0 \u00a0 \u00a0 \u00a0 \u00a0 \u00a0Lugn<\/p>\n<div id=\"attachment_1529\" style=\"width: 505px\" class=\"wp-caption alignnone\"><a href=\"http:\/\/jmbloggar.se\/trainee\/wp-content\/uploads\/sites\/4\/2017\/07\/jonas1-e1499428460979.jpg\"><img aria-describedby=\"caption-attachment-1529\" decoding=\"async\" loading=\"lazy\" class=\" wp-image-1529\" src=\"http:\/\/jmbloggar.se\/trainee\/wp-content\/uploads\/sites\/4\/2017\/07\/jonas1-e1499428460979-576x1024.jpg\" alt=\"Den enda bild jag hittade p\u00e5 mig sj\u00e4lv d\u00e4r jag v\u00e4rldsvant glider runt i st\u00e5lh\u00e4tta, laptop och varsel i byggbarackerna ute p\u00e5 Porslinskvarteret i Gustavsberg d\u00e4r jag var under 12 veckor i h\u00f6stas.\" width=\"495\" height=\"880\" \/><\/a><p id=\"caption-attachment-1529\" class=\"wp-caption-text\">Den enda bild jag hittade p\u00e5 mig sj\u00e4lv d\u00e4r jag v\u00e4rldsvant glider runt i st\u00e5lh\u00e4tta, laptop och varsel i byggbarackerna ute p\u00e5 Porslinskvarteret i Gustavsberg d\u00e4r jag var under 12 veckor i h\u00f6stas.<\/p><\/div>\n<p>Men att vara h\u00e4r i Norge och arbeta hos JM AS ist\u00e4llet f\u00f6r JM AB \u00e4r i det stora hela inte s\u00e5 stor skillnad \u00e4nd\u00e5. Uttrycket \u201dett JM\u201d som myntas ofta och som syftar p\u00e5 att vi arbetar p\u00e5 samma s\u00e4tt oavsett geografisk plats st\u00e4mmer v\u00e4ldigt bra och den kunskap jag hade i bagaget fr\u00e5n tidigare block (produktion och projektering) har jag kunnat nyttja i stort s\u00e4tt fullt ut h\u00e4r.<\/p>\n<p>Just nu \u00e4r det b\u00f6rjan p\u00e5 semestertider som tyv\u00e4rr grusade min id\u00e9 om att fotografera hela min projektgrupp men h\u00e4r p\u00e5 bilden nedan \u00e4r i alla fall tre glada personer som jobbar med projektet \u201dMyrvoll stasjon\u201d och som snart ska g\u00e5 p\u00e5 en v\u00e4lf\u00f6rtj\u00e4nt ferie (semester).<\/p>\n<div id=\"attachment_1530\" style=\"width: 513px\" class=\"wp-caption alignnone\"><a href=\"http:\/\/jmbloggar.se\/trainee\/wp-content\/uploads\/sites\/4\/2017\/07\/jonas2.jpg\"><img aria-describedby=\"caption-attachment-1530\" decoding=\"async\" loading=\"lazy\" class=\" wp-image-1530\" src=\"http:\/\/jmbloggar.se\/trainee\/wp-content\/uploads\/sites\/4\/2017\/07\/jonas2-1024x576.jpg\" alt=\"Fatima, Kim och Linda i v\u00e5r del av kontoret d\u00e4r vi som jobbar med detta projekt sitter.\" width=\"503\" height=\"283\" \/><\/a><p id=\"caption-attachment-1530\" class=\"wp-caption-text\">Fatima, Kim och Linda i v\u00e5r del av kontoret d\u00e4r vi som jobbar med detta projekt sitter.<\/p><\/div>\n<p>Myrvoll stasjon ja, ett stort projekt som inneh\u00e5ller v\u00e4ldigt mycket mer \u00e4n bara bost\u00e4der (totalt ca 700 hush\u00e5ll). Vid en snabb summering i huvudet \u00e4r det mataff\u00e4r, fridlysta salamandrar som f\u00e5r egen damm, stort gemensamt torg f\u00f6r hela omr\u00e5det med sm\u00e5butiker, eget energibolag, stora infrastrukturutbyggningar i samarbete med kommunen, tv\u00e5 nya f\u00f6rskolor och s\u00e4kert mycket mer som jag \u00e4nnu inte har hunnit s\u00e4tta mig in i.<\/p>\n<div id=\"attachment_1531\" style=\"width: 459px\" class=\"wp-caption alignnone\"><a href=\"http:\/\/jmbloggar.se\/trainee\/wp-content\/uploads\/sites\/4\/2017\/07\/jonas3.png\"><img aria-describedby=\"caption-attachment-1531\" decoding=\"async\" loading=\"lazy\" class=\" wp-image-1531\" src=\"http:\/\/jmbloggar.se\/trainee\/wp-content\/uploads\/sites\/4\/2017\/07\/jonas3.png\" alt=\"Skogs\u00e5sen med radhus till h\u00f6ger och Trelasttomta med flerbostadshus till v\u00e4nster som tillsammans bildar projektet Myrvoll stasjon.\" width=\"449\" height=\"421\" \/><\/a><p id=\"caption-attachment-1531\" class=\"wp-caption-text\">Skogs\u00e5sen med radhus till h\u00f6ger och Trelasttomta med flerbostadshus till v\u00e4nster som tillsammans bildar projektet Myrvoll stasjon.<\/p><\/div>\n<p>Det \u00e4r i alla fall v\u00e4ldigt kul att f\u00e5 vara med i utvecklingen av just detta projekt och att f\u00e5 g\u00e5 som bitr\u00e4dande projektledare g\u00f6r att jag f\u00e5r en helhetsbild p\u00e5 de m\u00e5nga olika utmaningarna och egenskaperna som projektet har.<\/p>\n<p>I veckan fick vi precis h\u00f6ra p\u00e5 resultatet av en egen l\u00e5t som vi har best\u00e4llt till marknadsf\u00f6ringen av omr\u00e5det. Den ska anv\u00e4ndas till \u201dradiospottar\u201d som ska s\u00e4ndas i olika kanaler under h\u00f6sten och d\u00e4rmed \u00f6ka k\u00e4nnedomen och intresset f\u00f6r projektet. V\u00e4ldigt h\u00e4ftigt!<\/p>\n<p>Det var allt fr\u00e5n Norge!<\/p>\n<p>Ha de!<\/p>\n<p>\/\/Jonas<\/p>\n","protected":false},"excerpt":{"rendered":"<p>Jag har f\u00e5tt ett fint mejl fr\u00e5n Alexandra med fr\u00e5gan om jag skulle kunna vara g\u00e4stbloggare vilket jag givetvis kan och vill! Jag heter Jonas och h\u00e4nger f\u00f6r tillf\u00e4llet p\u00e5 Oslokontoret i mitt tredje block d\u00e4r jag g\u00e5r som bitr\u00e4dande projektledare. Jag m\u00e5ste b\u00f6rja det h\u00e4r inl\u00e4gget med att kommentera norrm\u00e4nnens of\u00f6rm\u00e5ga att inte ta [&hellip;]<\/p>\n","protected":false},"author":140,"featured_media":0,"comment_status":"open","ping_status":"closed","sticky":false,"template":"","format":"standard","meta":[],"categories":[531],"tags":[],"_links":{"self":[{"href":"https:\/\/www.traineebloggen.se\/index.php\/wp-json\/wp\/v2\/posts\/5992"}],"collection":[{"href":"https:\/\/www.traineebloggen.se\/index.php\/wp-json\/wp\/v2\/posts"}],"about":[{"href":"https:\/\/www.traineebloggen.se\/index.php\/wp-json\/wp\/v2\/types\/post"}],"author":[{"embeddable":true,"href":"https:\/\/www.traineebloggen.se\/index.php\/wp-json\/wp\/v2\/users\/140"}],"replies":[{"embeddable":true,"href":"https:\/\/www.traineebloggen.se\/index.php\/wp-json\/wp\/v2\/comments?post=5992"}],"version-history":[{"count":3,"href":"https:\/\/www.traineebloggen.se\/index.php\/wp-json\/wp\/v2\/posts\/5992\/revisions"}],"predecessor-version":[{"id":5995,"href":"https:\/\/www.traineebloggen.se\/index.php\/wp-json\/wp\/v2\/posts\/5992\/revisions\/5995"}],"wp:attachment":[{"href":"https:\/\/www.traineebloggen.se\/index.php\/wp-json\/wp\/v2\/media?parent=5992"}],"wp:term":[{"taxonomy":"category","embeddable":true,"href":"https:\/\/www.traineebloggen.se\/index.php\/wp-json\/wp\/v2\/categories?post=5992"},{"taxonomy":"post_tag","embeddable":true,"href":"https:\/\/www.traineebloggen.se\/index.php\/wp-json\/wp\/v2\/tags?post=5992"}],"curies":[{"name":"wp","href":"https:\/\/api.w.org\/{rel}","templated":true}]}}