{"id":5732,"date":"2017-03-07T15:51:30","date_gmt":"2017-03-07T14:51:30","guid":{"rendered":"http:\/\/www.traineebloggen.se\/?p=5732"},"modified":"2017-03-07T15:51:30","modified_gmt":"2017-03-07T14:51:30","slug":"resan-har-borjat","status":"publish","type":"post","link":"https:\/\/www.traineebloggen.se\/index.php\/2017\/03\/trainee\/resan-har-borjat\/","title":{"rendered":"Resan har b\u00f6rjat"},"content":{"rendered":"<p>Att packa inf\u00f6r en\u00a06 veckor l\u00e5ng\u00a0placering\u00a0utomlands\u00a0tar sin tid och sina funderingar. Jag har visserligen<img decoding=\"async\" loading=\"lazy\" class=\"wp-image-5735 alignright\" src=\"http:\/\/www.traineebloggen.se\/wp-content\/uploads\/traineebloggen\/2017\/03\/IMG_4957.jpg\" alt=\"\" width=\"200\" height=\"266\" \/> standardiserat mitt packande till den grad att jag har en &#8220;standardpacklista&#8221; sparad p\u00e5 datorn. Lite i det extremaste laget kanske, men \u00e4r man en listfantast s\u00e5 \u00e4r man \ud83d\ude42\u00a0Efter m\u00e5nga funderingar och provpackning i v\u00e4skorna k\u00e4nde jag mig tillslut klar (det blev till och med mindre packning och f\u00e4rre v\u00e4skor \u00e4n befarat)\u00a0och jag\u00a0fick till och med en lugn kv\u00e4ll i s\u00f6ndags.<\/p>\n<p>Min tid p\u00e5 teknikavdelningen \u00e4r \u00f6ver och jag\u00a0har\u00a0nu kommit fram till Wien. De 6 kommande veckorna ska jag vara p\u00e5 Corporate Supply Chain, som till st\u00f6rsta del \u00e4r stationerade h\u00e4r. Under traineeprogrammet s\u00e5\u00a0\u00e4r detta den l\u00e4ngsta utomlandsplaceringen. Vi har sj\u00e4lva f\u00e5tt vara med och \u00f6nska p\u00e5 vilken\u00a0av de globala avdelningarna\u00a0vi skulle vilja hamna. Eftersom\u00a0jag har en master inom logistik s\u00e5 tyckte jag att det skulle vara v\u00e4ldigt intressant\u00a0med Corporate Supply Chain.<\/p>\n<p>Till att b\u00f6rja med fick jag hj\u00e4lp av HR att f\u00e5 passerkort, vilket var ett litet \u00e4ventyr i sig d\u00e5 de precis flyttat till en annan byggnad som, minst sagt, ligger i utkanten av siten. D\u00e4refter blev jag introducerad till HR-avdelningen, innan jag kom till Corporate Supply Chain d\u00e4r jag f\u00e5tt en kort introduktion. Jag\u00a0har dessutom <img decoding=\"async\" loading=\"lazy\" class=\"wp-image-5734 alignright\" src=\"http:\/\/www.traineebloggen.se\/wp-content\/uploads\/traineebloggen\/2017\/03\/IMG_4960.jpg\" alt=\"\" width=\"237\" height=\"178\" \/>f\u00e5tt kontorsplats och delar kontor med en annan,\u00a0v\u00e4ldigt tyst, ost\u00f6rt och n\u00e4stan lite lyxigt j\u00e4mf\u00f6rt med de \u00f6ppna kontorslandskapen i Stockholm. Tangentbordet jag f\u00e5tt \u00e4r ju s\u00e5klart tyskt, vilket skiljer sig en del fr\u00e5n v\u00e5rat, men s\u00e5 l\u00e4nge jag inte tittar ner f\u00f6r mycket p\u00e5 tangenterna s\u00e5 fungerar fingerminnet utm\u00e4rkt, \u00e4n s\u00e5 l\u00e4nge i alla fall.<\/p>\n<p>Efter min f\u00f6rsta arbetsdag var det dags att checka in i l\u00e4genheten. Kvinnan som \u00e4ger l\u00e4genheten h\u00f6rde av sig en stund innan vi hade best\u00e4m att ses f\u00f6r att meddela att hon var p\u00e5 tj\u00e4nsteresa och att en kollega\/v\u00e4n till henne skulle komma till incheckningen. Detta visade sig vara en \u00e4ldre man som inte kunde ett ord engelska. Med den lilla tyska jag kan lyckades jag f\u00f6rst\u00e5 det mest v\u00e4sentliga (tror jag i alla fall), \u00e4ven om jag inte kunde svara s\u00e5 mycket mer \u00e4n danke och sehr gut.<\/p>\n<p>Avslutade dagen med en kv\u00e4llspromenad, bland annat f\u00f6rbi Karlskirche.<\/p>\n<p><img decoding=\"async\" loading=\"lazy\" class=\"size-medium wp-image-5748 alignleft\" src=\"http:\/\/www.traineebloggen.se\/wp-content\/uploads\/traineebloggen\/2017\/03\/IMG_4966.jpg\" alt=\"\" width=\"300\" height=\"225\" \/><\/p>\n<p>&nbsp;<\/p>\n<p>&nbsp;<\/p>\n<p>&nbsp;<\/p>\n<p>&nbsp;<\/p>\n<p>&nbsp;<\/p>\n<p>&nbsp;<\/p>\n<p><img decoding=\"async\" loading=\"lazy\" class=\"wp-image-5747 alignleft\" src=\"http:\/\/www.traineebloggen.se\/wp-content\/uploads\/traineebloggen\/2017\/03\/IMG_4964.jpg\" alt=\"\" width=\"298\" height=\"224\" \/><\/p>\n","protected":false},"excerpt":{"rendered":"<p>Att packa inf\u00f6r en\u00a06 veckor l\u00e5ng\u00a0placering\u00a0utomlands\u00a0tar sin tid och sina funderingar. Jag har visserligen standardiserat mitt packande till den grad att jag har en &#8220;standardpacklista&#8221; sparad p\u00e5 datorn. Lite i det extremaste laget kanske, men \u00e4r man en listfantast s\u00e5 \u00e4r man \ud83d\ude42\u00a0Efter m\u00e5nga funderingar och provpackning i v\u00e4skorna k\u00e4nde jag mig tillslut klar (det [&hellip;]<\/p>\n","protected":false},"author":160,"featured_media":0,"comment_status":"open","ping_status":"closed","sticky":false,"template":"","format":"standard","meta":[],"categories":[475,1],"tags":[579,577,163,194,578,189],"_links":{"self":[{"href":"https:\/\/www.traineebloggen.se\/index.php\/wp-json\/wp\/v2\/posts\/5732"}],"collection":[{"href":"https:\/\/www.traineebloggen.se\/index.php\/wp-json\/wp\/v2\/posts"}],"about":[{"href":"https:\/\/www.traineebloggen.se\/index.php\/wp-json\/wp\/v2\/types\/post"}],"author":[{"embeddable":true,"href":"https:\/\/www.traineebloggen.se\/index.php\/wp-json\/wp\/v2\/users\/160"}],"replies":[{"embeddable":true,"href":"https:\/\/www.traineebloggen.se\/index.php\/wp-json\/wp\/v2\/comments?post=5732"}],"version-history":[{"count":5,"href":"https:\/\/www.traineebloggen.se\/index.php\/wp-json\/wp\/v2\/posts\/5732\/revisions"}],"predecessor-version":[{"id":5763,"href":"https:\/\/www.traineebloggen.se\/index.php\/wp-json\/wp\/v2\/posts\/5732\/revisions\/5763"}],"wp:attachment":[{"href":"https:\/\/www.traineebloggen.se\/index.php\/wp-json\/wp\/v2\/media?parent=5732"}],"wp:term":[{"taxonomy":"category","embeddable":true,"href":"https:\/\/www.traineebloggen.se\/index.php\/wp-json\/wp\/v2\/categories?post=5732"},{"taxonomy":"post_tag","embeddable":true,"href":"https:\/\/www.traineebloggen.se\/index.php\/wp-json\/wp\/v2\/tags?post=5732"}],"curies":[{"name":"wp","href":"https:\/\/api.w.org\/{rel}","templated":true}]}}