{"id":5591,"date":"2017-01-30T08:57:28","date_gmt":"2017-01-30T07:57:28","guid":{"rendered":"http:\/\/www.traineebloggen.se\/?p=5591"},"modified":"2017-01-30T08:57:28","modified_gmt":"2017-01-30T07:57:28","slug":"en-rolig-nyhet","status":"publish","type":"post","link":"https:\/\/www.traineebloggen.se\/index.php\/2017\/01\/trainee\/en-rolig-nyhet\/","title":{"rendered":"En rolig nyhet!"},"content":{"rendered":"<p>Vi har f\u00e5tt reda p\u00e5 att ett blir ytterligare en ny omg\u00e5ng med traineer till h\u00f6sten, och att Jordbruksverket precis b\u00f6rjat marknadsf\u00f6ra programmet. S\u00e5 f\u00f6re er som funderar att s\u00f6ka hit kan jag varmt rekommendera att g\u00f6ra s\u00e5, sj\u00e4lv s\u00e5 hade jag en bild av att det skulle vara v\u00e4ldigt stelt och mycket som \u00e4r reglerat n\u00e4r man jobbar statligt men h\u00e4r p\u00e5 IT-avdelningen s\u00e5 jobbar man v\u00e4ldigt \u00f6ppet och fritt, och det g\u00e5r \u00e4ven att p\u00e5verka arbetss\u00e4tt och arbetsplats med nya id\u00e9er h\u00e4r ocks\u00e5. S\u00e5 s\u00f6k och ge det en chans sj\u00e4lva och k\u00e4nn av st\u00e4mningen h\u00e4r under de kommande mingel dagarna.<\/p>\n<p><img decoding=\"async\" loading=\"lazy\" class=\"alignnone wp-image-5587\" src=\"http:\/\/www.traineebloggen.se\/wp-content\/uploads\/traineebloggen\/2017\/01\/tidslinjeT3.jpg\" width=\"500\" height=\"282\" \/><\/p>\n<p>S\u00e5h\u00e4r ser tidsplanen ut f\u00f6r oss som g\u00e5r traineeprogrammet just nu, och vi \u00e4r mitt i praktik perioden d\u00e4r vi bes\u00f6ker olika team under n\u00e5gra veckor f\u00f6r att k\u00e4nna p\u00e5 hur det \u00e4r att jobba i de olika teamen.<\/p>\n<p>Jag t\u00e4nkte \u00e4ven jag kan n\u00e4mna n\u00e5gra ord om antagningsprocessen ocks\u00e5:<br \/>\nDet b\u00f6rjade\u00a0med att jag skickade in min ans\u00f6kan och sen fick reda p\u00e5 att jordbruksverket ville ha med mig under deras rekryteringsdagar, underrekryteringsdagarna hade vi 2 intervjuer varav en var mer teknisk f\u00f6r att se vad man kunde inom programmering och den andra var mer personlig. Vi utf\u00f6rde \u00e4ven ett JAVA prov och samarbetstester. Sen efter n\u00e5gon veckas v\u00e4ntan fick jag reda p\u00e5 att de ville ha med mig i traineeprogrammet och tackade ja i juni och b\u00f6rjade sen h\u00e4r i J\u00f6nk\u00f6ping den 1:a september. F\u00f6r er som \u00e4r os\u00e4kra p\u00e5 om ni ska s\u00f6ka eller inte p\u00e5 grund av java kriteriet kan jag lugna med att man bed\u00f6ms fr\u00e5n en helhet d\u00e4r java programmering endast \u00e4r en del. Sj\u00e4lv s\u00e5 hade jag endast l\u00e4rt mig C# p\u00e5 h\u00f6gskolan, s\u00e5 du m\u00e5ste inte veta allt innan du s\u00f6ker hit f\u00f6r du f\u00e5r tid att l\u00e4ra dig programmeringen i b\u00f6rjan av traineeprogrammet,!!!!<\/p>\n<p>\u00c4ven om man fick v\u00e4nta n\u00e5gon vecka innan beslut kom om man fick en plats eller inte s\u00e5 tycker jag \u00e4nd\u00e5 att det var sk\u00f6nt att det endast var en dag d\u00e4r man genomf\u00f6rde allt ist\u00e4llet f\u00f6r att ha flera dagar d\u00e4r man genomf\u00f6r lite varje g\u00e5ng och f\u00e5r se om man g\u00e5r vidare till n\u00e4sta steg.<\/p>\n<p>S\u00e5 skicka in din ans\u00f6kan s\u00e5 hoppas jag att vi ses till h\u00f6sten \ud83d\ude42<\/p>\n<p>\/\/Pierre<\/p>\n","protected":false},"excerpt":{"rendered":"<p>Vi har f\u00e5tt reda p\u00e5 att ett blir ytterligare en ny omg\u00e5ng med traineer till h\u00f6sten, och att Jordbruksverket precis b\u00f6rjat marknadsf\u00f6ra programmet. S\u00e5 f\u00f6re er som funderar att s\u00f6ka hit kan jag varmt rekommendera att g\u00f6ra s\u00e5, sj\u00e4lv s\u00e5 hade jag en bild av att det skulle vara v\u00e4ldigt stelt och mycket som \u00e4r [&hellip;]<\/p>\n","protected":false},"author":125,"featured_media":0,"comment_status":"open","ping_status":"closed","sticky":false,"template":"","format":"standard","meta":[],"categories":[479],"tags":[],"_links":{"self":[{"href":"https:\/\/www.traineebloggen.se\/index.php\/wp-json\/wp\/v2\/posts\/5591"}],"collection":[{"href":"https:\/\/www.traineebloggen.se\/index.php\/wp-json\/wp\/v2\/posts"}],"about":[{"href":"https:\/\/www.traineebloggen.se\/index.php\/wp-json\/wp\/v2\/types\/post"}],"author":[{"embeddable":true,"href":"https:\/\/www.traineebloggen.se\/index.php\/wp-json\/wp\/v2\/users\/125"}],"replies":[{"embeddable":true,"href":"https:\/\/www.traineebloggen.se\/index.php\/wp-json\/wp\/v2\/comments?post=5591"}],"version-history":[{"count":5,"href":"https:\/\/www.traineebloggen.se\/index.php\/wp-json\/wp\/v2\/posts\/5591\/revisions"}],"predecessor-version":[{"id":5602,"href":"https:\/\/www.traineebloggen.se\/index.php\/wp-json\/wp\/v2\/posts\/5591\/revisions\/5602"}],"wp:attachment":[{"href":"https:\/\/www.traineebloggen.se\/index.php\/wp-json\/wp\/v2\/media?parent=5591"}],"wp:term":[{"taxonomy":"category","embeddable":true,"href":"https:\/\/www.traineebloggen.se\/index.php\/wp-json\/wp\/v2\/categories?post=5591"},{"taxonomy":"post_tag","embeddable":true,"href":"https:\/\/www.traineebloggen.se\/index.php\/wp-json\/wp\/v2\/tags?post=5591"}],"curies":[{"name":"wp","href":"https:\/\/api.w.org\/{rel}","templated":true}]}}