{"id":5555,"date":"2017-01-19T16:34:06","date_gmt":"2017-01-19T15:34:06","guid":{"rendered":"http:\/\/www.traineebloggen.se\/?p=5555"},"modified":"2017-01-19T16:39:29","modified_gmt":"2017-01-19T15:39:29","slug":"presentation","status":"publish","type":"post","link":"https:\/\/www.traineebloggen.se\/index.php\/2017\/01\/trainee\/presentation\/","title":{"rendered":"F\u00f6rsta inl\u00e4gget!"},"content":{"rendered":"<p>Denice heter jag och kommer att blogga p\u00e5 traineebloggen (f\u00f6rhoppningsvis inte allt f\u00f6r s\u00e4llan). Jag t\u00e4nkte v\u00e4l b\u00f6rja denna blogg med att beskriva mig sj\u00e4lv och min tid som trainee.<\/p>\n<p>Jag \u00e4r f\u00f6dd och uppvuxen i Pite\u00e5, 24 \u00e5r gammal och flyttade som arton\u00e5ring till Ume\u00e5 f\u00f6r att studera Industriell Ekonomi. I januari f\u00f6rra \u00e5ret skickade jag in min ans\u00f6kan till Scanias traineeprogram och blev antagen strax innan p\u00e5sk.<\/p>\n<p>Jag s\u00f6kte inriktningen p\u00e5 traineeprogrammet som heter &#8220;Produktion och Logistik&#8221;. Jag blev d\u00e5 anst\u00e4lld p\u00e5 Scanias Motormontering i en teknikergrupp, denna grupp \u00e4r min &#8220;hemavdelning&#8221; och tanken efter traineepogrammet \u00e4r f\u00f6r alla traineer att \u00e5terv\u00e4nda till respektive hemavdelning.<\/p>\n<div id=\"attachment_64826\" style=\"width: 532px\" class=\"wp-caption alignnone\"><img aria-describedby=\"caption-attachment-64826\" decoding=\"async\" loading=\"lazy\" class=\"wp-image-64826 \" src=\"https:\/\/www.scania.com\/group\/en\/wp-content\/uploads\/sites\/2\/2017\/01\/Trainee\u00e5ret-600x283.jpg\" alt=\"traineearet\" width=\"522\" height=\"246\" \/><p id=\"caption-attachment-64826\" class=\"wp-caption-text\">Illustration \u00f6ver min trainee-slinga.<\/p><\/div>\n<p><strong>Introduktion<\/strong><br \/>\nHela trainee-gruppen var samlad och vi varvade praktik med teori under en period p\u00e5 6 veckor. Teorin bestod av f\u00f6rel\u00e4sningar om Scania som h\u00f6lls av Scania-anst\u00e4llda. Vi fick \u00e4ven tr\u00e4ffa i princip hela ledningsgruppen under dessa veckor! F\u00f6rkunskapen var v\u00e4ldigt varierad mellan traineerna. Jag\u00a0som aldrig hade haft kontakt med Scania innan visste kanske lite mindre \u00e4n de som exempelvis\u00a0gjort sitt exjobb p\u00e5 Scania eller som\u00a0sommarjobbat\u00a0h\u00e4r.\u00a0Det var dock ingenting jag m\u00e4rkte av som en nackdel.<\/p>\n<p>Praktiken bestod av montering p\u00e5 tv\u00e5 olika produktionsenheter samt en praktikvecka p\u00e5 en bearbetning. H\u00e4r tr\u00e4ffade vi \u00e4ven v\u00e5ra trainee-faddrar p\u00e5 en middag samt spenderade en kv\u00e4ll med aktiviteter + middag med v\u00e5ra chefer. Veckorna avslutades med en utflykt tillsammans med de gamla traineerna d\u00e4r vi lekte lekar och hade kr\u00e4ftskiva.<\/p>\n<p><strong>Period 1<\/strong><br \/>\nF\u00f6rsta placeringen spenderade samtliga p\u00e5 sin hemavdelning. Vissa fick kliva in i en arbetsgrupp med vanliga arbetsuppgifter, vissa hade ett eget projekt p\u00e5 hemavdelningen och vissa hade en mix. Jag hade en processtekniker-praktik och hade s\u00e5ledes vanliga arbetsuppgifter. Det tyckte jag var bra d\u00e5 jag kom in i gruppen p\u00e5 ett s\u00e4tt jag inte tror man g\u00f6r ifall man bara har ett eget sidoprojekt. Under f\u00f6rsta perioden hade jag \u00e4ven k\u00f6rlektioner f\u00f6r C-k\u00f6rkort (som samtliga traineer hade) samt planerade f\u00f6rsta seminarieveckan, vilket gjorde att min praktik h\u00f6ll mig nog sysselsatt.<\/p>\n<p>Min processtekniker-praktik bestod av att\u00a0arbeta som\u00a0processtekniker mot ett visst omr\u00e5de p\u00e5 motormonteringen samt ha praktik p\u00e5 \u00f6vriga avdelningar p\u00e5 DE. F\u00f6rsta veckan hade jag ytterligare verkstadspraktik p\u00e5 det omr\u00e5det jag skulle arbeta mot. Det k\u00e4ndes lite tungt efter att precis ha avslutat 3 veckors verkstadspraktik med trainee-g\u00e4nget men i efterhand f\u00f6rstod jag vaf\u00f6r det var v\u00e4sentligt.<\/p>\n<p><strong>Att best\u00e4mma perioder<\/strong><br \/>\nVi fick i b\u00f6rjan veta att perioderna valdes i samr\u00e5d med den anst\u00e4llande chefen under Period 1. Under introduktionen hade vi f\u00e5tt lyssna p\u00e5 f\u00f6rel\u00e4sningar av gamla traineer d\u00e4r de ber\u00e4ttade om sina perioder. D\u00e4rf\u00f6r hade jag f\u00e5tt en id\u00e9 om vart jag ville ha mina placeringar. N\u00e4r hade m\u00f6te med min chef hade han i samr\u00e5d med sin chef (som \u00e4r fd. trainee) och min fadder (som ocks\u00e5 \u00e4r fd. trainee) t\u00e4nkt ut tv\u00e5 placeringar till mig men l\u00e4mnat utlandspraktiken upp till mig. En av de tv\u00e5 utt\u00e4nka placeringarna var ocks\u00e5 en av mina \u00f6nskningar \u00a0och utlandspraktiken valde jag att ha i Prag p\u00e5 en marknadsenhet.<\/p>\n<p><strong>C-K\u00f6rkort<\/strong><br \/>\nP\u00e5 f\u00f6rsta intervjun blev jag informerad om att jag var tvungen att ha B-k\u00f6rkort d\u00e5 vi inom programmet skulle ta C-k\u00f6rkort. Detta startar under f\u00f6rsta perioden och den bestod s\u00e5ledes ocks\u00e5 av kv\u00e4llsplugg (teori) samt k\u00f6rlektioner (p\u00e5 arbetstid).<\/p>\n<p><strong>S\u00e4len-resan<br \/>\n<\/strong>Enligt tradition annordnas en resa till S\u00e4len f\u00f6r alla gamla och nya traineer.\u00a0Vi hyr en Scania-buss som k\u00f6r oss till S\u00e4len d\u00e4r\u00a0Scania har boende\u00a0som anst\u00e4llda\u00a0kan hyra.\u00a0N\u00e4r vi\u00a0var d\u00e4r var det\u00a0i princip alla\u00a0fr\u00e5n v\u00e5rt \u00e5r och \u00e5ret innan som deltog. I\u00a0S\u00e4len \u00e5kte vi skidor, bes\u00f6kte ett\u00a0spa och umgicks. P\u00e5 v\u00e4gen upp gjorde vi ett studiebes\u00f6k p\u00e5\u00a0Leax i Falun.<br \/>\n<img decoding=\"async\" loading=\"lazy\" class=\"alignnone wp-image-64913\" src=\"https:\/\/www.scania.com\/group\/en\/wp-content\/uploads\/sites\/2\/2017\/01\/IMG_9858-900x600.jpg\" alt=\"img_9858\" width=\"531\" height=\"354\" \/><\/p>\n<p><strong>Seminarieveckor<\/strong><br \/>\nUnder trainee-tiden har vi seminarieveckor. Det \u00e4r veckor som vi traineer turas om att planera (f\u00f6rel\u00e4sningar, aktiviteter etc) och s\u00e5 blir det som en introduktionsvecka fast med skillnaden att vi planerat veckan sj\u00e4lv samt att veckan har ett tema. Jag var med i gruppen som planerade f\u00f6rsta seminarieveckan, till det fick vi 4 timmar i veckan av arbetstiden att planera.<\/p>\n<div id=\"attachment_64916\" style=\"width: 537px\" class=\"wp-caption alignnone\"><img aria-describedby=\"caption-attachment-64916\" decoding=\"async\" loading=\"lazy\" class=\" wp-image-64916\" src=\"https:\/\/www.scania.com\/group\/en\/wp-content\/uploads\/sites\/2\/2017\/01\/IMG_0001-900x600.jpg\" alt=\"Trainee-g\u00e4nget 2016\/2017 if\u00f6rda nyinf\u00f6rskaffade V8-kepsar under den f\u00f6rsta seminarieveckan i december.\" width=\"527\" height=\"351\" \/><p id=\"caption-attachment-64916\" class=\"wp-caption-text\">Trainee-g\u00e4nget 2016\/2017 if\u00f6rda nyinf\u00f6rskaffade V8-kepsar under den f\u00f6rsta seminarieveckan i december.<\/p><\/div>\n<p><strong>Period 2<\/strong><br \/>\nJag \u00e4r i denna period nu och b\u00f6rjade f\u00f6rra veckan s\u00e5 jag har inte s\u00e5 mycket att ber\u00e4tta om det \u00e4nnu. Jag befinner mig i alla fall p\u00e5 Scanias projektkontor d\u00e4r jag har f\u00e5tt en uppgift i ett redan existerande projekt.<\/p>\n<p><strong>En vecka p\u00e5 Volkswagen<\/strong><br \/>\nVeckan efter vi slutat Period 2 (sista veckan i april) \u00e5ker hela trainee-g\u00e4nget till Tyskland och Volkswagen. Tidigare \u00e5r har Traineerna \u00e5kt till Cambridge f\u00f6r att plugga spr\u00e5k en vecka.<\/p>\n<p><strong>Period 3<\/strong><br \/>\nUtlandsperioden! H\u00e4r fick vi v\u00e4lja mellan att g\u00f6ra praktik p\u00e5 en marknadsenhet eller p\u00e5 en produktionsenhet. Under varje rubrik fanns ett antal l\u00e4nder att v\u00e4lja mellan. Vi fick d\u00e5 g\u00f6ra tre \u00f6nskningar om l\u00e4nder och s\u00e5 fick vi, runt lucia, veta vart vi skulle \u00e5ka.<\/p>\n<p>Det \u00e4r inte n\u00f6dv\u00e4ndigt att \u00e5ka under Period 3 men de flesta traineer \u00e5ker d\u00e5 och det passade b\u00e4st f\u00f6r mig att \u00e5ka den perioden med. Perioden str\u00e4cker sig fr\u00e5n 1 maj till mitten av juli, d\u00e5 semestern sedan b\u00f6rjar. En av traineerna \u00e4r exempelvis p\u00e5 sin utlandsperiod i Malaysia redan denna period.<\/p>\n<p>Mycket mer \u00e4n s\u00e5 vet jag inte just nu! Om ni har n\u00e5gra fr\u00e5gor svarar jag g\u00e4rna p\u00e5 dessa, det \u00e4r bara att kommentera!<\/p>\n","protected":false},"excerpt":{"rendered":"<p>Denice heter jag och kommer att blogga p\u00e5 traineebloggen (f\u00f6rhoppningsvis inte allt f\u00f6r s\u00e4llan). Jag t\u00e4nkte v\u00e4l b\u00f6rja denna blogg med att beskriva mig sj\u00e4lv och min tid som trainee. Jag \u00e4r f\u00f6dd och uppvuxen i Pite\u00e5, 24 \u00e5r gammal och flyttade som arton\u00e5ring till Ume\u00e5 f\u00f6r att studera Industriell Ekonomi. I januari f\u00f6rra \u00e5ret [&hellip;]<\/p>\n","protected":false},"author":161,"featured_media":0,"comment_status":"open","ping_status":"closed","sticky":false,"template":"","format":"standard","meta":[],"categories":[86],"tags":[],"_links":{"self":[{"href":"https:\/\/www.traineebloggen.se\/index.php\/wp-json\/wp\/v2\/posts\/5555"}],"collection":[{"href":"https:\/\/www.traineebloggen.se\/index.php\/wp-json\/wp\/v2\/posts"}],"about":[{"href":"https:\/\/www.traineebloggen.se\/index.php\/wp-json\/wp\/v2\/types\/post"}],"author":[{"embeddable":true,"href":"https:\/\/www.traineebloggen.se\/index.php\/wp-json\/wp\/v2\/users\/161"}],"replies":[{"embeddable":true,"href":"https:\/\/www.traineebloggen.se\/index.php\/wp-json\/wp\/v2\/comments?post=5555"}],"version-history":[{"count":3,"href":"https:\/\/www.traineebloggen.se\/index.php\/wp-json\/wp\/v2\/posts\/5555\/revisions"}],"predecessor-version":[{"id":5559,"href":"https:\/\/www.traineebloggen.se\/index.php\/wp-json\/wp\/v2\/posts\/5555\/revisions\/5559"}],"wp:attachment":[{"href":"https:\/\/www.traineebloggen.se\/index.php\/wp-json\/wp\/v2\/media?parent=5555"}],"wp:term":[{"taxonomy":"category","embeddable":true,"href":"https:\/\/www.traineebloggen.se\/index.php\/wp-json\/wp\/v2\/categories?post=5555"},{"taxonomy":"post_tag","embeddable":true,"href":"https:\/\/www.traineebloggen.se\/index.php\/wp-json\/wp\/v2\/tags?post=5555"}],"curies":[{"name":"wp","href":"https:\/\/api.w.org\/{rel}","templated":true}]}}