{"id":549,"date":"2011-03-28T15:05:48","date_gmt":"2011-03-28T14:05:48","guid":{"rendered":"http:\/\/www.traineebloggen.se\/?p=549"},"modified":"2011-06-15T20:24:55","modified_gmt":"2011-06-15T19:24:55","slug":"snart-expat","status":"publish","type":"post","link":"https:\/\/www.traineebloggen.se\/index.php\/2011\/03\/trainee\/snart-expat\/","title":{"rendered":"Snart expat"},"content":{"rendered":"<p>Nu har nedr\u00e4kningen startat. En vecka kvar p\u00e5 min nuvarande praktikperiod och sen \u00e4r det dags f\u00f6r en riktigt sp\u00e4nnande m\u00e5nad. Jag trivs j\u00e4ttebra p\u00e5 mitt nuvarande jobb men efter 3 m\u00e5nader kommer \u00e4nd\u00e5 k\u00e4nslan att jag har f\u00f6rst\u00e5tt vad jobbet g\u00e5r ut p\u00e5 och det \u00e4r dags att testa n\u00e5got nytt. I april \u00e4r det dags f\u00f6r seminarievecka tillsammans med de andra traineerna, spr\u00e5kvecka i Cambridge och mina f\u00f6rsta veckor p\u00e5 praktiken i Prag.<\/p>\n<p>Utlandstj\u00e4nst k\u00e4nns sp\u00e4nnande men samtidigt lite skr\u00e4mmande. Tre m\u00e5nader i en ny stad med nytt spr\u00e5k, nytt jobb, nya kollegor och ny kultur. Hur ska jag ens lyckas ta mig till jobbet f\u00f6rsta dagen? Ska jag v\u00e5ga ta bilen? Vi gick en kurs i \u201dH\u00e4lsa och s\u00e4kerhet vid tj\u00e4nsteresa\u201d och fick d\u00e5 l\u00e4ra oss att de st\u00f6rsta riskerna vid utlandstj\u00e4nst \u00e4r f\u00f6rknippade med droger, prostituerade och trafik. Inget av detta kommer att bli s\u00e4rskilt sv\u00e5rt att h\u00e5lla sig undan fr\u00e5n, f\u00f6rutom just trafiken d\u00e5. Fick dock h\u00f6ra fr\u00e5n en gammal trainee att \u201dkollektivtrafiken \u00e4r v\u00e4l utbyggd med b\u00e5de tunnelbana, sp\u00e5rvagn och buss och funkar oftast klanderfritt\u201d. S\u00e5 f\u00f6r en g\u00e5ngs skull kanske det \u00e4r ett bra alternativ att \u00e5ka kollektivt.<\/p>\n<p>Som ung i karri\u00e4ren upplever jag att man f\u00f6rv\u00e4ntas vara sugen p\u00e5 att arbeta utomlands. Det \u00e4r \u00e4ven jag MEN jag skulle vilja ha med mig min sambo och mina katter ocks\u00e5. Arbetslivet har f\u00f6r mig inneburit ett stort kliv in i vuxenv\u00e4rlden. Jag och min sambo har k\u00f6pt en l\u00e4genhet tillsammans samt skaffat tv\u00e5 stycken katter och jag har d\u00e4rmed blivit lite bekv\u00e4m och hemmak\u00e4r. Tror att det \u00e4r lite resfeber som drabbat mig och det \u00e4r d\u00e4rf\u00f6r det k\u00e4nns jobbigt att \u00e5ka hemifr\u00e5n,\u00a0f\u00f6r\u00a0jag vet att n\u00e4r jag v\u00e4l \u00e4r p\u00e5 plats s\u00e5 kommer tre m\u00e5nader att g\u00e5 alldeles f\u00f6r fort.\u00a0Jag t\u00e4nkte \u00e4nd\u00e5 ta tillf\u00e4llet i akt och efterlysa lite tips p\u00e5 hur jag ska f\u00f6rdriva mina kv\u00e4llar och helger i Prag \u2013 vad f\u00e5r jag absolut inte f\u00e5r missa?<\/p>\n","protected":false},"excerpt":{"rendered":"<p>Nu har nedr\u00e4kningen startat. En vecka kvar p\u00e5 min nuvarande praktikperiod och sen \u00e4r det dags f\u00f6r en riktigt sp\u00e4nnande m\u00e5nad. Jag trivs j\u00e4ttebra p\u00e5 mitt nuvarande jobb men efter 3 m\u00e5nader kommer \u00e4nd\u00e5 k\u00e4nslan att jag har f\u00f6rst\u00e5tt vad jobbet g\u00e5r ut p\u00e5 och det \u00e4r dags att testa n\u00e5got nytt. I april \u00e4r [&hellip;]<\/p>\n","protected":false},"author":21,"featured_media":0,"comment_status":"open","ping_status":"open","sticky":false,"template":"","format":"standard","meta":[],"categories":[86],"tags":[118,116,117],"_links":{"self":[{"href":"https:\/\/www.traineebloggen.se\/index.php\/wp-json\/wp\/v2\/posts\/549"}],"collection":[{"href":"https:\/\/www.traineebloggen.se\/index.php\/wp-json\/wp\/v2\/posts"}],"about":[{"href":"https:\/\/www.traineebloggen.se\/index.php\/wp-json\/wp\/v2\/types\/post"}],"author":[{"embeddable":true,"href":"https:\/\/www.traineebloggen.se\/index.php\/wp-json\/wp\/v2\/users\/21"}],"replies":[{"embeddable":true,"href":"https:\/\/www.traineebloggen.se\/index.php\/wp-json\/wp\/v2\/comments?post=549"}],"version-history":[{"count":2,"href":"https:\/\/www.traineebloggen.se\/index.php\/wp-json\/wp\/v2\/posts\/549\/revisions"}],"predecessor-version":[{"id":869,"href":"https:\/\/www.traineebloggen.se\/index.php\/wp-json\/wp\/v2\/posts\/549\/revisions\/869"}],"wp:attachment":[{"href":"https:\/\/www.traineebloggen.se\/index.php\/wp-json\/wp\/v2\/media?parent=549"}],"wp:term":[{"taxonomy":"category","embeddable":true,"href":"https:\/\/www.traineebloggen.se\/index.php\/wp-json\/wp\/v2\/categories?post=549"},{"taxonomy":"post_tag","embeddable":true,"href":"https:\/\/www.traineebloggen.se\/index.php\/wp-json\/wp\/v2\/tags?post=549"}],"curies":[{"name":"wp","href":"https:\/\/api.w.org\/{rel}","templated":true}]}}