{"id":4690,"date":"2016-02-18T16:08:49","date_gmt":"2016-02-18T15:08:49","guid":{"rendered":"http:\/\/www.traineebloggen.se\/?p=4690"},"modified":"2016-02-18T16:08:49","modified_gmt":"2016-02-18T15:08:49","slug":"enklare-tillsammans","status":"publish","type":"post","link":"https:\/\/www.traineebloggen.se\/index.php\/2016\/02\/trainee\/enklare-tillsammans\/","title":{"rendered":"Enklare tillsammans"},"content":{"rendered":"<p>Hej!<\/p>\n<p>Av traineeprogrammets praktikperiod \u00e5terst\u00e5r nu endast en vecka. Efter detta \u00e4r det t\u00e4nkt att vi traineer ska placeras i de olika utvecklingsteamen och arbeta d\u00e4r under programmets \u00e5terst\u00e5ende tre m\u00e5nader. Ett beslut om vart respektive trainee hamnar kommer inom kort att fattas av cheferna. Tiden har g\u00e5tt ofattbart fort och det k\u00e4nns overkligt att \u00f6ver halva str\u00e4ckan av traineeprogrammet redan \u00e4r passerad.<\/p>\n<p>Jag \u00e4r mycket n\u00f6jd med praktikperiodens uppl\u00e4gg och inneh\u00e5ll. Utmaningarna har varit m\u00e5nga (n\u00e5got som jag efterlyst) och karakt\u00e4ren p\u00e5 uppgifterna har varierat. Att s\u00e4tta sig in i de olika teknikerna som anv\u00e4nds och studera vanligt f\u00f6rekommande l\u00f6sningsm\u00f6nster har varit b\u00e5de l\u00e4rorikt och sp\u00e4nnande.<\/p>\n<p>Ibland har det varit tufft och sv\u00e5rt naturligtvis. Men tack vare arbetsmetoden och den goda samarbetsviljan inom teamen slipper man st\u00e5 stilla och aldrig beh\u00f6va k\u00e4nna sig \u00f6vergiven med sitt. Alla tar ansvar och drar sitt str\u00e5 till stacken, tillsammans blir man starka. Jag upplever \u00e4ven att kommunikationen inom och mellan teamen \u00e4r god och detta \u00e4r en viktig framg\u00e5ngsfaktor.<\/p>\n<p>\/Martin<\/p>\n","protected":false},"excerpt":{"rendered":"<p>Hej! Av traineeprogrammets praktikperiod \u00e5terst\u00e5r nu endast en vecka. Efter detta \u00e4r det t\u00e4nkt att vi traineer ska placeras i de olika utvecklingsteamen och arbeta d\u00e4r under programmets \u00e5terst\u00e5ende tre m\u00e5nader. Ett beslut om vart respektive trainee hamnar kommer inom kort att fattas av cheferna. Tiden har g\u00e5tt ofattbart fort och det k\u00e4nns overkligt att [&hellip;]<\/p>\n","protected":false},"author":109,"featured_media":0,"comment_status":"open","ping_status":"closed","sticky":false,"template":"","format":"standard","meta":[],"categories":[479],"tags":[],"_links":{"self":[{"href":"https:\/\/www.traineebloggen.se\/index.php\/wp-json\/wp\/v2\/posts\/4690"}],"collection":[{"href":"https:\/\/www.traineebloggen.se\/index.php\/wp-json\/wp\/v2\/posts"}],"about":[{"href":"https:\/\/www.traineebloggen.se\/index.php\/wp-json\/wp\/v2\/types\/post"}],"author":[{"embeddable":true,"href":"https:\/\/www.traineebloggen.se\/index.php\/wp-json\/wp\/v2\/users\/109"}],"replies":[{"embeddable":true,"href":"https:\/\/www.traineebloggen.se\/index.php\/wp-json\/wp\/v2\/comments?post=4690"}],"version-history":[{"count":2,"href":"https:\/\/www.traineebloggen.se\/index.php\/wp-json\/wp\/v2\/posts\/4690\/revisions"}],"predecessor-version":[{"id":4692,"href":"https:\/\/www.traineebloggen.se\/index.php\/wp-json\/wp\/v2\/posts\/4690\/revisions\/4692"}],"wp:attachment":[{"href":"https:\/\/www.traineebloggen.se\/index.php\/wp-json\/wp\/v2\/media?parent=4690"}],"wp:term":[{"taxonomy":"category","embeddable":true,"href":"https:\/\/www.traineebloggen.se\/index.php\/wp-json\/wp\/v2\/categories?post=4690"},{"taxonomy":"post_tag","embeddable":true,"href":"https:\/\/www.traineebloggen.se\/index.php\/wp-json\/wp\/v2\/tags?post=4690"}],"curies":[{"name":"wp","href":"https:\/\/api.w.org\/{rel}","templated":true}]}}