{"id":4355,"date":"2015-11-17T09:24:19","date_gmt":"2015-11-17T08:24:19","guid":{"rendered":"http:\/\/www.traineebloggen.se\/?p=4355"},"modified":"2015-11-17T10:40:46","modified_gmt":"2015-11-17T09:40:46","slug":"det-harliga-livet-som-trainee","status":"publish","type":"post","link":"https:\/\/www.traineebloggen.se\/index.php\/2015\/11\/trainee\/det-harliga-livet-som-trainee\/","title":{"rendered":"Det h\u00e4rliga livet som trainee!"},"content":{"rendered":"<p><span style=\"color: #000000; font-family: Calibri;\">Hej igen!<a href=\"http:\/\/www.traineebloggen.se\/wp-content\/uploads\/traineebloggen\/2015\/11\/Universum-Uppsalahem.png\"><img decoding=\"async\" loading=\"lazy\" class=\"wp-image-4356 alignright\" src=\"http:\/\/www.traineebloggen.se\/wp-content\/uploads\/traineebloggen\/2015\/11\/Universum-Uppsalahem.png\" alt=\"Universum Uppsalahem\" width=\"145\" height=\"219\" \/><\/a><\/span><\/p>\n<p><span style=\"color: #000000; font-family: Calibri;\">Nu har det g\u00e5tt precis 3 m\u00e5nader sedan jag b\u00f6rjade som HR-trainee p\u00e5 Uppsalahem. Kombinationen av fantastiska kollegor, en riktigt bra chef, och att jobba med en produkt som jag \u00e4lskar, f\u00e5r mig att stormtrivas. <\/span><\/p>\n<p><span style=\"color: #000000; font-family: Calibri;\">F\u00f6r mig har det alltid varit viktigt att jobba med n\u00e5got meningsfullt och att k\u00e4nna att jag bidrar till ett b\u00e4ttre samh\u00e4lle. Det \u00e4r precis det som \u00e4r det h\u00e4ftiga med allm\u00e4nnyttan, att f\u00e5 k\u00e4nna att man \u00e4r med och bidrar med n\u00e5got viktigt. I allm\u00e4nnyttan blir det ocks\u00e5 tydligt vilken roll vi spelar f\u00f6r stadens utveckling. Vi arbetar inte bara med m\u00e4nniskors hem utan samverkar med flera viktiga akt\u00f6rer i staden s\u00e5 som infrastruktur, n\u00e4ringsliv, utbildning, v\u00e5rd, omsorg och kultur. <\/span><\/p>\n<p><span style=\"color: #000000; font-family: Calibri;\">I min roll som HR-trainee jobbar jag v\u00e4ldigt varierat med olika omr\u00e5den inom HR. Fr\u00e4mst arbetar jag med Employer Branding som handlar om hur vi som arbetsgivare uppfattas av v\u00e5ra potentiella, nuvarande och tidigare anst\u00e4llda. Ett arbetsgivarvarum\u00e4rke inneh\u00e5ller precis som ett konsumentvarum\u00e4rke en m\u00e4ngd olika associationer om vad man f\u00f6rknippar med en arbetsgivare. <\/span><\/p>\n<p><span style=\"color: #000000; font-family: Calibri;\">P\u00e5 Uppsalahem har profileringsfr\u00e5gan alltid varit aktuell, mycket f\u00f6r att v\u00e5r HR-chef och ledningsgrupp har prioriterat fr\u00e5gan. Engagemanget har dessutom gjort att Uppsalahem har blivit nominerat till \u00e5rets nykomling inom Employer Branding av Universum vilket f\u00f6rst\u00e5s \u00e4r fantastiskt roligt! F\u00f6rutom att ha kontakt med skolor, medverka p\u00e5 arbetsmarknadsdagar och m\u00e4ssor, samarbetar HR-avdelningen mycket med kommunikationsavdelningen f\u00f6r att f\u00e5 fram arbetsgivarvarum\u00e4rket i sociala kanaler. Just nu jobbar vi f\u00f6r att hitta r\u00e4tt plattform f\u00f6r att n\u00e5 r\u00e4tt m\u00e5lgrupp. I vissa fall har LinkedIn passat b\u00e4st, i andra fall har det visat sig att b\u00e5de Instagram och Facebook varit v\u00e4ldigt effektiva kanaler! Den b\u00e4sta reklampelaren \u00e4r dock vi som arbeta p\u00e5 Uppsalahem som alltid \u00e4r varum\u00e4rkesb\u00e4rare och Uppsalahems viktigaste ambasad\u00f6rer!<\/span><\/p>\n<p><span style=\"color: #000000; font-family: Calibri;\">Idag \u00e4r jag p\u00e5 plats i Link\u00f6ping d\u00e4r det \u00e4r dags f\u00f6r andra modulen i SABOs traineeprogram. Jag och de andra 12 traineerna fr\u00e5n Sveriges allm\u00e4nnyttiga fastighetsbolag ska under tre dagar hos St\u00e5ng\u00e5staden i Link\u00f6ping l\u00e4ra oss mer om omv\u00e4rldsanalys och aff\u00e4rsmannaskap!<\/span><\/p>\n<p><span style=\"color: #000000; font-family: Calibri;\">\u00a0<\/span><\/p>\n<p><span style=\"color: #000000; font-family: Calibri;\">Vi ses snart igen!<\/span><\/p>\n<p><span style=\"color: #000000; font-family: Calibri;\">\/\/Cajsa Ahlstr\u00f6m<\/span><\/p>\n<p>&nbsp;<\/p>\n","protected":false},"excerpt":{"rendered":"<p>Hej igen! Nu har det g\u00e5tt precis 3 m\u00e5nader sedan jag b\u00f6rjade som HR-trainee p\u00e5 Uppsalahem. Kombinationen av fantastiska kollegor, en riktigt bra chef, och att jobba med en produkt som jag \u00e4lskar, f\u00e5r mig att stormtrivas. F\u00f6r mig har det alltid varit viktigt att jobba med n\u00e5got meningsfullt och att k\u00e4nna att jag bidrar [&hellip;]<\/p>\n","protected":false},"author":102,"featured_media":0,"comment_status":"open","ping_status":"closed","sticky":false,"template":"","format":"standard","meta":[],"categories":[476],"tags":[],"_links":{"self":[{"href":"https:\/\/www.traineebloggen.se\/index.php\/wp-json\/wp\/v2\/posts\/4355"}],"collection":[{"href":"https:\/\/www.traineebloggen.se\/index.php\/wp-json\/wp\/v2\/posts"}],"about":[{"href":"https:\/\/www.traineebloggen.se\/index.php\/wp-json\/wp\/v2\/types\/post"}],"author":[{"embeddable":true,"href":"https:\/\/www.traineebloggen.se\/index.php\/wp-json\/wp\/v2\/users\/102"}],"replies":[{"embeddable":true,"href":"https:\/\/www.traineebloggen.se\/index.php\/wp-json\/wp\/v2\/comments?post=4355"}],"version-history":[{"count":2,"href":"https:\/\/www.traineebloggen.se\/index.php\/wp-json\/wp\/v2\/posts\/4355\/revisions"}],"predecessor-version":[{"id":4359,"href":"https:\/\/www.traineebloggen.se\/index.php\/wp-json\/wp\/v2\/posts\/4355\/revisions\/4359"}],"wp:attachment":[{"href":"https:\/\/www.traineebloggen.se\/index.php\/wp-json\/wp\/v2\/media?parent=4355"}],"wp:term":[{"taxonomy":"category","embeddable":true,"href":"https:\/\/www.traineebloggen.se\/index.php\/wp-json\/wp\/v2\/categories?post=4355"},{"taxonomy":"post_tag","embeddable":true,"href":"https:\/\/www.traineebloggen.se\/index.php\/wp-json\/wp\/v2\/tags?post=4355"}],"curies":[{"name":"wp","href":"https:\/\/api.w.org\/{rel}","templated":true}]}}