{"id":2525,"date":"2013-06-04T14:14:45","date_gmt":"2013-06-04T13:14:45","guid":{"rendered":"http:\/\/www.traineebloggen.se\/?p=2525"},"modified":"2013-06-04T14:15:18","modified_gmt":"2013-06-04T13:15:18","slug":"vadret-i-prag","status":"publish","type":"post","link":"https:\/\/www.traineebloggen.se\/index.php\/2013\/06\/trainee\/vadret-i-prag\/","title":{"rendered":"V\u00e4dret i Prag"},"content":{"rendered":"<p>Fr\u00e5n b\u00f6rjan t\u00e4nkte jag b\u00f6rja med att skriva om hur det \u00e4r att jobba h\u00e4r nere\u00a0 i Prag men v\u00e4dret den sista tiden har varit s\u00e5 fruktansv\u00e4rt att det m\u00e5ste skrivas om.<\/p>\n<p>Som jag n\u00e4mnt tidigare \u00e4r jag fr\u00e5n G\u00f6teborg och jag vet vad som menas n\u00e4r det regnar, tro mig. Jag \u00e4r mer van vid att regnet kommer fr\u00e5n sidan \u00e4n uppifr\u00e5n men regnet som har varit h\u00e4r i Prag har varit n\u00e5got alldeles extra.<\/p>\n<p>De flesta har s\u00e4kert l\u00e4st om hur v\u00e4dret i Centraleuropa har varit de sista dagarna men jag skulle vilja beskriva lite hur det har p\u00e5verkat folk som bor h\u00e4r.<\/p>\n<p>F\u00f6r elva \u00e5r sedan s\u00e5 var det de v\u00e4rsta v\u00e4dret p\u00e5 200 \u00e5r. Detta ledde till att folk fick l\u00e4mna sina hus och det tog l\u00e5ng tid att \u00e5terst\u00e4lla hus och skador med en slutnota p\u00e5 flera miljarder euro. Denna g\u00e5ngen \u00e4r det inte riktigt lika illa men samma m\u00e4nniskor som fick l\u00e4mna sina hus f\u00f6rra g\u00e5ngen \u00e4r \u00e4ven drabbade denna g\u00e5ngen. Det talas om att f\u00f6rs\u00e4kringsbolagen inte kommer att st\u00e5 f\u00f6r notan utan folk f\u00e5r st\u00e5 f\u00f6r kostnaderna sj\u00e4lva. Det har kommit ca 80 med regn under helgen i Prag. Flera restauranger har f\u00e5tt st\u00e4nga och bilderna nedan visar hur det ser ut f\u00f6r n\u00e5gra av dem nere i Prag.<\/p>\n<p>H\u00e4r nere kommer lite bilder p\u00e5 hur det ser ut i centrala Prag f\u00f6r tillf\u00e4llet. Jag vill tacka Rebecca som har tagit bilderna.<\/p>\n<p style=\"text-align: center\"><a href=\"http:\/\/www.traineebloggen.se\/index.php\/2013\/06\/trainee\/vadret-i-prag\/prag-1\/\" rel=\"attachment wp-att-2526\"><img decoding=\"async\" loading=\"lazy\" class=\"wp-image-2526 aligncenter\" alt=\"prag 1\" src=\"http:\/\/www.traineebloggen.se\/wp-content\/uploads\/traineebloggen\/2013\/06\/prag-1.jpg\" width=\"376\" height=\"282\" \/><\/a> <a href=\"http:\/\/www.traineebloggen.se\/index.php\/2013\/06\/trainee\/vadret-i-prag\/prag-3\/\" rel=\"attachment wp-att-2527\"><img decoding=\"async\" loading=\"lazy\" class=\"wp-image-2527 aligncenter\" alt=\"prag 3\" src=\"http:\/\/www.traineebloggen.se\/wp-content\/uploads\/traineebloggen\/2013\/06\/prag-3.jpg\" width=\"356\" height=\"268\" \/><\/a> <a href=\"http:\/\/www.traineebloggen.se\/index.php\/2013\/06\/trainee\/vadret-i-prag\/prag-modifierad\/\" rel=\"attachment wp-att-2528\"><img decoding=\"async\" loading=\"lazy\" class=\"wp-image-2528 aligncenter\" alt=\"prag modifierad\" src=\"http:\/\/www.traineebloggen.se\/wp-content\/uploads\/traineebloggen\/2013\/06\/prag-modifierad.png\" width=\"356\" height=\"300\" \/><\/a><\/p>\n<p>Hoppas p\u00e5 b\u00e4ttre nyheter snart<\/p>\n<p>\/Niklas<\/p>\n","protected":false},"excerpt":{"rendered":"<p>Fr\u00e5n b\u00f6rjan t\u00e4nkte jag b\u00f6rja med att skriva om hur det \u00e4r att jobba h\u00e4r nere\u00a0 i Prag men v\u00e4dret den sista tiden har varit s\u00e5 fruktansv\u00e4rt att det m\u00e5ste skrivas om. Som jag n\u00e4mnt tidigare \u00e4r jag fr\u00e5n G\u00f6teborg och jag vet vad som menas n\u00e4r det regnar, tro mig. Jag \u00e4r mer van [&hellip;]<\/p>\n","protected":false},"author":76,"featured_media":0,"comment_status":"open","ping_status":"closed","sticky":false,"template":"","format":"standard","meta":[],"categories":[86],"tags":[],"_links":{"self":[{"href":"https:\/\/www.traineebloggen.se\/index.php\/wp-json\/wp\/v2\/posts\/2525"}],"collection":[{"href":"https:\/\/www.traineebloggen.se\/index.php\/wp-json\/wp\/v2\/posts"}],"about":[{"href":"https:\/\/www.traineebloggen.se\/index.php\/wp-json\/wp\/v2\/types\/post"}],"author":[{"embeddable":true,"href":"https:\/\/www.traineebloggen.se\/index.php\/wp-json\/wp\/v2\/users\/76"}],"replies":[{"embeddable":true,"href":"https:\/\/www.traineebloggen.se\/index.php\/wp-json\/wp\/v2\/comments?post=2525"}],"version-history":[{"count":5,"href":"https:\/\/www.traineebloggen.se\/index.php\/wp-json\/wp\/v2\/posts\/2525\/revisions"}],"predecessor-version":[{"id":2536,"href":"https:\/\/www.traineebloggen.se\/index.php\/wp-json\/wp\/v2\/posts\/2525\/revisions\/2536"}],"wp:attachment":[{"href":"https:\/\/www.traineebloggen.se\/index.php\/wp-json\/wp\/v2\/media?parent=2525"}],"wp:term":[{"taxonomy":"category","embeddable":true,"href":"https:\/\/www.traineebloggen.se\/index.php\/wp-json\/wp\/v2\/categories?post=2525"},{"taxonomy":"post_tag","embeddable":true,"href":"https:\/\/www.traineebloggen.se\/index.php\/wp-json\/wp\/v2\/tags?post=2525"}],"curies":[{"name":"wp","href":"https:\/\/api.w.org\/{rel}","templated":true}]}}