{"id":2380,"date":"2012-11-22T09:51:01","date_gmt":"2012-11-22T08:51:01","guid":{"rendered":"http:\/\/www.traineebloggen.se\/?p=2380"},"modified":"2012-11-22T09:51:01","modified_gmt":"2012-11-22T08:51:01","slug":"sa-var-det-dags-antligen-dags-for-releasefest","status":"publish","type":"post","link":"https:\/\/www.traineebloggen.se\/index.php\/2012\/11\/trainee\/sa-var-det-dags-antligen-dags-for-releasefest\/","title":{"rendered":"S\u00e5 var det dags \u00e4ntligen dags f\u00f6r releasefest!"},"content":{"rendered":"<p>Imorgon presenterar traineegrupp 6 sitt projektarbete \u201dKommunen \u2013 den sj\u00e4lvklara arbetsgivaren f\u00f6r unga\u201d. Under v\u00e5r tid som traineer har vi arbetat fram en strategi som ger de nordv\u00e4stsk\u00e5nska kommunerna handfasta r\u00e5d i arbetet att s\u00e4kerst\u00e4lla den framtida kompetensf\u00f6rs\u00f6rjning som kommunal sektor st\u00e5r inf\u00f6r. Under de senaste m\u00e5naderna har strategins sista rader skrivits och l\u00e4mnats till tryckeriet, samtidigt som vi har befunnit oss i den praktiska planeringsfasen inf\u00f6r sj\u00e4lva releasen.<\/p>\n<p>Under morgondagen finns alla traineer i gruppen p\u00e5 plats f\u00f6r att visa upp v\u00e5rt arbete och de resultat som arbetet genererat. Nyckelpersoner kopplade till fr\u00e5gan om kompetensf\u00f6rs\u00f6rjning och\/ eller traineeprogrammet bj\u00f6ds in tidigt i h\u00f6stas. Vi ser framemot en sp\u00e4nnande eftermiddag d\u00e4r vi f\u00e5r chansen att presentera v\u00e5rt arbete och f\u00f6ra dialog med de inbjudna g\u00e4sterna.\u00a0 Det kommer ocks\u00e5 finnas tillf\u00e4lle f\u00f6r de inbjudna att p\u00e5 egen hand f\u00f6rdjupa sig i de bilder och tankar som ungdomar i Sk\u00e5ne har f\u00f6rmedlat till oss\u2026<\/p>\n<p>I tisdags bes\u00f6kte vi Dunkers kulturhus, platsen f\u00f6r v\u00e5r release, f\u00f6r en sista praktisk avst\u00e4mning. Vi konstaterade att mingelborden \u00e4r p\u00e5 plats och str\u00e5lkastarljuset fungerar.\u00a0 Nu \u00e5terst\u00e5r endast att inv\u00e4nta fredag eftermiddag. Roligt ska det bli.<\/p>\n<p>Ni som \u00e4r intresserade av traineeprogrammets projektarbete och ej n\u00e4rvarar vid releasen p\u00e5 fredag, gl\u00f6m inte att f\u00f6lja oss p\u00e5 twitter under dagen (@Trainee_SKNV) samt h\u00e5ll utkik p\u00e5 v\u00e5r blogg <a href=\"http:\/\/www.traineeprogrammet.se\">www.traineeprogrammet.se<\/a>. Bilder och beskrivningar fr\u00e5n dagen utlovas!<\/p>\n<div id=\"attachment_2381\" style=\"width: 298px\" class=\"wp-caption aligncenter\"><a href=\"http:\/\/www.traineebloggen.se\/index.php\/2012\/11\/trainee\/sa-var-det-dags-antligen-dags-for-releasefest\/teatersalen\/\" rel=\"attachment wp-att-2381\"><img aria-describedby=\"caption-attachment-2381\" decoding=\"async\" loading=\"lazy\" class=\" wp-image-2381\" src=\"http:\/\/www.traineebloggen.se\/wp-content\/uploads\/traineebloggen\/2012\/11\/Teatersalen.jpg\" alt=\"\" width=\"288\" height=\"162\" \/><\/a><p id=\"caption-attachment-2381\" class=\"wp-caption-text\">Teatersalen p\u00e5 Dunkers kulturshus \u2013 platsen f\u00f6r morgondagens release (foto: www.dunkerskulturhus.se)<\/p><\/div>\n<p style=\"text-align: left\">\/ Elin Svensson, traineeprogrammet SKNV<\/p>\n","protected":false},"excerpt":{"rendered":"<p>Imorgon presenterar traineegrupp 6 sitt projektarbete \u201dKommunen \u2013 den sj\u00e4lvklara arbetsgivaren f\u00f6r unga\u201d. Under v\u00e5r tid som traineer har vi arbetat fram en strategi som ger de nordv\u00e4stsk\u00e5nska kommunerna handfasta r\u00e5d i arbetet att s\u00e4kerst\u00e4lla den framtida kompetensf\u00f6rs\u00f6rjning som kommunal sektor st\u00e5r inf\u00f6r. Under de senaste m\u00e5naderna har strategins sista rader skrivits och l\u00e4mnats till [&hellip;]<\/p>\n","protected":false},"author":38,"featured_media":0,"comment_status":"open","ping_status":"closed","sticky":false,"template":"","format":"standard","meta":[],"categories":[225],"tags":[],"_links":{"self":[{"href":"https:\/\/www.traineebloggen.se\/index.php\/wp-json\/wp\/v2\/posts\/2380"}],"collection":[{"href":"https:\/\/www.traineebloggen.se\/index.php\/wp-json\/wp\/v2\/posts"}],"about":[{"href":"https:\/\/www.traineebloggen.se\/index.php\/wp-json\/wp\/v2\/types\/post"}],"author":[{"embeddable":true,"href":"https:\/\/www.traineebloggen.se\/index.php\/wp-json\/wp\/v2\/users\/38"}],"replies":[{"embeddable":true,"href":"https:\/\/www.traineebloggen.se\/index.php\/wp-json\/wp\/v2\/comments?post=2380"}],"version-history":[{"count":2,"href":"https:\/\/www.traineebloggen.se\/index.php\/wp-json\/wp\/v2\/posts\/2380\/revisions"}],"predecessor-version":[{"id":2383,"href":"https:\/\/www.traineebloggen.se\/index.php\/wp-json\/wp\/v2\/posts\/2380\/revisions\/2383"}],"wp:attachment":[{"href":"https:\/\/www.traineebloggen.se\/index.php\/wp-json\/wp\/v2\/media?parent=2380"}],"wp:term":[{"taxonomy":"category","embeddable":true,"href":"https:\/\/www.traineebloggen.se\/index.php\/wp-json\/wp\/v2\/categories?post=2380"},{"taxonomy":"post_tag","embeddable":true,"href":"https:\/\/www.traineebloggen.se\/index.php\/wp-json\/wp\/v2\/tags?post=2380"}],"curies":[{"name":"wp","href":"https:\/\/api.w.org\/{rel}","templated":true}]}}