{"id":2209,"date":"2012-10-02T14:38:33","date_gmt":"2012-10-02T13:38:33","guid":{"rendered":"http:\/\/www.traineebloggen.se\/?p=2209"},"modified":"2012-10-02T14:38:33","modified_gmt":"2012-10-02T13:38:33","slug":"traineedagen-jonas-lindholm","status":"publish","type":"post","link":"https:\/\/www.traineebloggen.se\/index.php\/2012\/10\/trainee\/traineedagen-jonas-lindholm\/","title":{"rendered":"Traineedagen: Jonas Lindholm"},"content":{"rendered":"<p>Min v\u00e4rld v\u00e4xer i varje m\u00f6te med en ny m\u00e4nniska, med varje steg jag tar och med varje tecken jag skriver. <em>Upplevelsen av liv berikar varje dag.<\/em><\/p>\n<p>Hej, mitt namn \u00e4r Jonas Lindholm. Jag \u00e4r inte en Trainee. <strong>\u00c4n<\/strong>. Som student vid Ume\u00e5 universitet har jag l\u00e4nge funderat \u00f6ver vad som h\u00e4nder sen, efter exjobbet men f\u00f6re pensionen. Vilka \u00f6ppningar finns det in till arbetsmarknaden? Alla inl\u00e4gg jag har l\u00e4st h\u00e4r p\u00e5 Traineebloggen vittnar om drivna entusiastiska personer som med facit i hand upplever mycket och blir m\u00e5nga erfarenheter rikare. Motivationen som lyser igenom inl\u00e4gg efter inl\u00e4gg smittar av sig och jag finner mig sj\u00e4lv peppad, taggad, redo att sj\u00e4lv ta en plats. Men varf\u00f6r skriver jag h\u00e4r?<\/p>\n<blockquote><p><em>Traineedagen syftar till att samla f\u00f6retag med traineeprogram under en dag s\u00e5 att du som bes\u00f6kare kan skaffa dig en ordentlig bild av vad det inneb\u00e4r att vara trainee, vad som kr\u00e4vs och vad du kan g\u00f6ra f\u00f6r att \u00f6ka dina m\u00f6jligheter att komma in p\u00e5 ett traineeprogram.<\/em><\/p><\/blockquote>\n<p>Det \u00e4r anledningen! Det \u00e4r anledningen till varf\u00f6r jag just nu sitter och har sv\u00e5rt att fokusera p\u00e5 dagens agenda. Mina tankar \u00e4r p\u00e5 fredagen, d\u00e4r min v\u00e4rld skall v\u00e4xa \u00e4nnu lite till. Under Traineedagen kommer jag anstr\u00e4nga mig f\u00f6r att l\u00e5ta de som inte f\u00e5r chansen att vara med p\u00e5 plats, \u00e4nd\u00e5 f\u00e5 ta del av det som sker. Det kommer bli en fantastisk dag i huvudstaden med massor av fantastiska upplevelser och jag hoppas innerligt att \u00e4nnu fler tar chansen att inte n\u00f6ja sig med att sitta hemma och l\u00e4sa om det n\u00e4sta \u00e5r, utan ser till att vara med p\u00e5 plats.<\/p>\n<p>Jag n\u00e4mnde inledningsvis att jag \u00e4r student vid Ume\u00e5 universitet och jag t\u00e4nkte kort presentera min utbildning. Mitt huvud\u00e4mne \u00e4r informatik och programmet heter <em>Beteendevetenskapligt program med inriktning mot IT-milj\u00f6er<\/em>, vilket resulterar i att jag kommer ta ut en Fil.kandidatexamen med huvud\u00e4mne <em>Informatik<\/em> och inriktning <em>beteendevetenskap och IT-milj\u00f6er<\/em>. Det kr\u00e4vs ofta en kompletterande f\u00f6rklaring, d\u00e5 m\u00e5nga inte direkt kan associera informatik n\u00e5gonting \u2026verklighetsn\u00e4ra. Jag tycker Linn\u00e9universitetet har en bra f\u00f6rklaring p\u00e5 sin hemsida som jag ofta delar med mig av:<\/p>\n<blockquote><p><em>Vad \u00e4r informatik?<br \/>\n<\/em><em>Informatik handlar om hur information anv\u00e4nds av m\u00e4nniskor, hur teknik anv\u00e4nds f\u00f6r att kommunicera och hur system byggs upp f\u00f6r information och kommunikation. Detta inneb\u00e4r att samspelet mellan m\u00e4nniska och teknik i ett socialt sammanhang \u00e4r centralt samt att f\u00f6rst\u00e5 teknikens m\u00f6jligheter och begr\u00e4nsningar. Vi utvecklar och utv\u00e4rderar informations- och kommunikationsteknik i relation till individer, arbetsgrupper och omgivande samh\u00e4lle.<\/em><\/p><\/blockquote>\n<p>Nog om mig,<br \/>\nHar <strong>Du<\/strong> n\u00e5got tips till mig som skall \u00e5ka p\u00e5 Traineedagen? Du som kanske \u00e4r en <strong>arbetsgivare<\/strong> eller \u00e4r <strong>Trainee<\/strong> idag. Vad b\u00f6r jag f\u00f6rbereda och planera inf\u00f6r? Kommentera g\u00e4rna s\u00e5 plockar jag med det i mitt n\u00e4sta inl\u00e4gg.<\/p>\n","protected":false},"excerpt":{"rendered":"<p>Min v\u00e4rld v\u00e4xer i varje m\u00f6te med en ny m\u00e4nniska, med varje steg jag tar och med varje tecken jag skriver. Upplevelsen av liv berikar varje dag. Hej, mitt namn \u00e4r Jonas Lindholm. Jag \u00e4r inte en Trainee. \u00c4n. Som student vid Ume\u00e5 universitet har jag l\u00e4nge funderat \u00f6ver vad som h\u00e4nder sen, efter exjobbet [&hellip;]<\/p>\n","protected":false},"author":44,"featured_media":0,"comment_status":"open","ping_status":"closed","sticky":false,"template":"","format":"standard","meta":[],"categories":[343],"tags":[349,30,8,350,351,132],"_links":{"self":[{"href":"https:\/\/www.traineebloggen.se\/index.php\/wp-json\/wp\/v2\/posts\/2209"}],"collection":[{"href":"https:\/\/www.traineebloggen.se\/index.php\/wp-json\/wp\/v2\/posts"}],"about":[{"href":"https:\/\/www.traineebloggen.se\/index.php\/wp-json\/wp\/v2\/types\/post"}],"author":[{"embeddable":true,"href":"https:\/\/www.traineebloggen.se\/index.php\/wp-json\/wp\/v2\/users\/44"}],"replies":[{"embeddable":true,"href":"https:\/\/www.traineebloggen.se\/index.php\/wp-json\/wp\/v2\/comments?post=2209"}],"version-history":[{"count":4,"href":"https:\/\/www.traineebloggen.se\/index.php\/wp-json\/wp\/v2\/posts\/2209\/revisions"}],"predecessor-version":[{"id":2213,"href":"https:\/\/www.traineebloggen.se\/index.php\/wp-json\/wp\/v2\/posts\/2209\/revisions\/2213"}],"wp:attachment":[{"href":"https:\/\/www.traineebloggen.se\/index.php\/wp-json\/wp\/v2\/media?parent=2209"}],"wp:term":[{"taxonomy":"category","embeddable":true,"href":"https:\/\/www.traineebloggen.se\/index.php\/wp-json\/wp\/v2\/categories?post=2209"},{"taxonomy":"post_tag","embeddable":true,"href":"https:\/\/www.traineebloggen.se\/index.php\/wp-json\/wp\/v2\/tags?post=2209"}],"curies":[{"name":"wp","href":"https:\/\/api.w.org\/{rel}","templated":true}]}}