{"id":2080,"date":"2012-07-09T14:39:19","date_gmt":"2012-07-09T13:39:19","guid":{"rendered":"http:\/\/www.traineebloggen.se\/?p=2080"},"modified":"2012-07-09T14:39:19","modified_gmt":"2012-07-09T13:39:19","slug":"sommarjobb-langs-strandpromenaden","status":"publish","type":"post","link":"https:\/\/www.traineebloggen.se\/index.php\/2012\/07\/trainee\/sommarjobb-langs-strandpromenaden\/","title":{"rendered":"Sommarjobb l\u00e4ngs strandpromenaden"},"content":{"rendered":"<p><a href=\"http:\/\/blogs.scania.com\/student\/2012\/07\/09\/sommarjobb-langs-strandpromenaden\/2012-07-09-13-33-57-2\/\" rel=\"attachment wp-att-4157\"><img decoding=\"async\" loading=\"lazy\" src=\"http:\/\/blogs.scania.com\/student\/files\/2012\/07\/2012-07-09-13.33.571-250x187.jpg\" alt=\"\" width=\"392\" height=\"262\" \/><\/a>\u00a0<\/p>\n<p>Sista veckan p\u00e5 ink\u00f6p innan semestern och solen br\u00e4nner s\u00f6nder gr\u00e4set d\u00e4r utanf\u00f6r kontorsf\u00f6nstret. D\u00e5 m\u00e5ngt och mycket \u00e4r redan avklarat inf\u00f6r avslutet av praktikperiod tre s\u00e5 \u00e4r dagens agenda vigd \u00e5t planering av h\u00f6stens utlandspraktik. Det finurliga med planering \u00e4r att det \u00e4r en syssla som man kan utf\u00f6ra \u00e4ven utanf\u00f6r de \u00f6ppna kontorslokalernas dom\u00e4ner. Exempelvis p\u00e5 en grafitti-tagad parkb\u00e4nk l\u00e4ngs Scanias egna lilla vattenp\u00f6l. Att sitta i det fria och l\u00e5ta solen nyansera huden kanske inte l\u00e5ter s\u00e5 arbetsamt men som allt annat p\u00e5 Scania s\u00e5 \u00e4r det givetvist frihet under ansvar. Men d\u00e5 alla arbetsuppgifter \u00e4r under kontroll s\u00e5 fann jag med 100% av r\u00f6sterna att planering p\u00e5 parkb\u00e4nk \u00e4r ett fullgott komplement till kontoret.<\/p>\n<p><img decoding=\"async\" loading=\"lazy\" src=\"http:\/\/blogs.scania.com\/student\/files\/2012\/07\/wpid-2012-07-09-13.11.09.jpg\" alt=\"image\" width=\"400\" height=\"300\" \/><\/p>\n<p><em>-Jens<\/em><\/p>\n","protected":false},"excerpt":{"rendered":"<p>\u00a0 Sista veckan p\u00e5 ink\u00f6p innan semestern och solen br\u00e4nner s\u00f6nder gr\u00e4set d\u00e4r utanf\u00f6r kontorsf\u00f6nstret. D\u00e5 m\u00e5ngt och mycket \u00e4r redan avklarat inf\u00f6r avslutet av praktikperiod tre s\u00e5 \u00e4r dagens agenda vigd \u00e5t planering av h\u00f6stens utlandspraktik. Det finurliga med planering \u00e4r att det \u00e4r en syssla som man kan utf\u00f6ra \u00e4ven utanf\u00f6r de \u00f6ppna [&hellip;]<\/p>\n","protected":false},"author":35,"featured_media":0,"comment_status":"open","ping_status":"closed","sticky":false,"template":"","format":"standard","meta":[],"categories":[86],"tags":[257,318,317,8],"_links":{"self":[{"href":"https:\/\/www.traineebloggen.se\/index.php\/wp-json\/wp\/v2\/posts\/2080"}],"collection":[{"href":"https:\/\/www.traineebloggen.se\/index.php\/wp-json\/wp\/v2\/posts"}],"about":[{"href":"https:\/\/www.traineebloggen.se\/index.php\/wp-json\/wp\/v2\/types\/post"}],"author":[{"embeddable":true,"href":"https:\/\/www.traineebloggen.se\/index.php\/wp-json\/wp\/v2\/users\/35"}],"replies":[{"embeddable":true,"href":"https:\/\/www.traineebloggen.se\/index.php\/wp-json\/wp\/v2\/comments?post=2080"}],"version-history":[{"count":3,"href":"https:\/\/www.traineebloggen.se\/index.php\/wp-json\/wp\/v2\/posts\/2080\/revisions"}],"predecessor-version":[{"id":2083,"href":"https:\/\/www.traineebloggen.se\/index.php\/wp-json\/wp\/v2\/posts\/2080\/revisions\/2083"}],"wp:attachment":[{"href":"https:\/\/www.traineebloggen.se\/index.php\/wp-json\/wp\/v2\/media?parent=2080"}],"wp:term":[{"taxonomy":"category","embeddable":true,"href":"https:\/\/www.traineebloggen.se\/index.php\/wp-json\/wp\/v2\/categories?post=2080"},{"taxonomy":"post_tag","embeddable":true,"href":"https:\/\/www.traineebloggen.se\/index.php\/wp-json\/wp\/v2\/tags?post=2080"}],"curies":[{"name":"wp","href":"https:\/\/api.w.org\/{rel}","templated":true}]}}