{"id":2037,"date":"2012-06-21T12:23:03","date_gmt":"2012-06-21T11:23:03","guid":{"rendered":"http:\/\/www.traineebloggen.se\/?p=2037"},"modified":"2012-06-21T12:23:03","modified_gmt":"2012-06-21T11:23:03","slug":"en-dag-en-vecka-en-manad","status":"publish","type":"post","link":"https:\/\/www.traineebloggen.se\/index.php\/2012\/06\/trainee\/en-dag-en-vecka-en-manad\/","title":{"rendered":"En dag, en vecka, en m\u00e5nad"},"content":{"rendered":"<p>Idag \u00e4r det en dag kvar till midsommar, en vecka kvar till semestern, och en m\u00e5nad kvar till att jag tilltr\u00e4der min nya tj\u00e4nst. Vi b\u00f6rjar fr\u00e5n b\u00f6rjan.<\/p>\n<p>Imorgon \u00e4r det midsommarafton, den tidpunkt p\u00e5 \u00e5ret n\u00e4r dagen \u00e4r som l\u00e4ngst och natten som kortast.\u00a0 Jag l\u00e4ste i tidningen i morse att midsommar \u00e4r den h\u00f6gtid n\u00e4r SMHI har flest telefonsamtal p\u00e5 hela \u00e5ret. Gratistidningen p\u00e5 t\u00e5get i morse hade \u00e4ven gjort en ungef\u00e4rlig utr\u00e4kning p\u00e5 hur m\u00e5nga artiklar som skrivits i Sverige om midsommarv\u00e4dret den senaste m\u00e5naden, och siffran \u00f6versteg 10 000 (!) artiklar. Fint v\u00e4der under Sveriges h\u00f6gtidsdagar \u00e4r en viktig fr\u00e5ga, det \u00e4r bara att konstatera. Sol p\u00e5 midsommar och sn\u00f6 p\u00e5 julafton, d\u00e5 h\u00e5ller alla tummarna s\u00e5 h\u00e5rt att knogarna vitnar.<\/p>\n<p>P\u00e5 mitt kontor p\u00e5 Helsingborg business Region str\u00e5lar dagens fina v\u00e4der in genom det \u00f6ppna kontorslandskapet. Det k\u00e4nns otacksamt att veva ner persiennerna, men samtidigt en n\u00f6dv\u00e4ndighet f\u00f6r att bli f\u00e4rdig med det arbete som \u00e5terst\u00e5r innan jag l\u00e4mnar mitt fyra m\u00e5nader l\u00e5nga utbyte. Jag kom hit f\u00f6rsta dagen i mars och fick ett uppdrag att unders\u00f6ka stadens kompetensf\u00f6rs\u00f6rjning i framtiden. En sp\u00e4nnande uppgift som har inneburit m\u00e5nga samtal med det lokala n\u00e4ringslivet, djupdykningar i det prognoser som Arbetsf\u00f6rmedlingen och Region Sk\u00e5ne har gjort, och \u00e4ven ett och annat samtal med analytiker p\u00e5 andra myndigheter som arbetar med fr\u00e5gan. Att unders\u00f6ka vilka f\u00f6ruts\u00e4ttningar Helsingborg har i att lyckas m\u00f6ta den allt st\u00f6rre efterfr\u00e5gan p\u00e5 utbildad arbetskraft i framtiden har ocks\u00e5 varit en intressant arbetsuppgift i f\u00f6rh\u00e5llande till det projektarbete som vi traineer arbetar med tillsammans. Genom klassrumsbes\u00f6k i Helsingborg, s\u00e5v\u00e4l som i de andra nordv\u00e4stsk\u00e5nska kommunerna har vi unders\u00f6kt h\u00f6gstadieungdomars syn p\u00e5 framtiden och det kommande arbetslivet. Projektet som vi traineer arbetat med har m\u00e5nga g\u00e5nger hj\u00e4lpt mig i mitt utredningsarbete i Helsingborg, och det har varit stimulerande att k\u00e4nna hur olika processer och arbeten kan korsbefrukta varandra. Nu i eftermiddag har jag avst\u00e4mningsm\u00f6te med projektgruppen f\u00f6r kompetensf\u00f6rs\u00f6rjning, och d\u00e4refter har jag en veckas tid till att avsluta arbetet, st\u00e4da skrivbordet, och l\u00e4mna tillbaka telefonen och nyckeln som jag haft till l\u00e5ns. Utbytet har varit ett v\u00e4rdefullt tillf\u00e4lle att f\u00e5 insyn i en helt annan verksamhet och en annan arbetsplats. Jag tar ocks\u00e5 med mig en positiv erfarenhet av att arbeta med arbetskraftsfr\u00e5gor med fokus p\u00e5 n\u00e4ringsliv, akademi och offentlig sektor.<\/p>\n<p>F\u00f6r f\u00f6rsta g\u00e5ngen p\u00e5 l\u00e4nge kommer jag om en veckas tid ha betald sommarsemester under n\u00e5gra v\u00e4l valda veckor i juli och augusti som jag sj\u00e4lv har utsett. Semester blir ett tydligt avstamp fr\u00e5n studentlivet in i arbetslivet, fr\u00e5n sommarjobb under de soligaste veckorna n\u00e4r ordinarie personal vill vara lediga, till en noga planerad sommarsemester under utvalda veckor. Jag ska bada s\u00e5 mycket s\u00e5 att h\u00e5ret inte hinner torka f\u00f6rr\u00e4n det \u00e4r dags att \u00e5terg\u00e5 till jobbet igen!<\/p>\n<p>Precis innan jag inledde mitt traineeutbyte h\u00e4r i Helsingborg fick jag ett erbjudande fr\u00e5n barn- och utbildningsf\u00f6rvaltningen i \u00c4ngelholm d\u00e4r jag har min traineeanst\u00e4llning. Jag blev tillfr\u00e5gad att b\u00f6rja arbeta som organisationsutvecklare p\u00e5 f\u00f6rvaltningen, en tillsvidareanst\u00e4llning med start efter sommarsemestern. Ett erbjudande jag med stor gl\u00e4dje tackade ja till och f\u00f6rv\u00e4ntansfullt ser fram emot. Det k\u00e4nns otroligt roligt och inspirerande att g\u00e5 p\u00e5 semester och veta att ett h\u00e4ftigt uppdrag v\u00e4ntar p\u00e5 mig n\u00e4r jag kommer tillbaka. Om en m\u00e5nad \u00e4r jag d\u00e4r! Jag kommer ocks\u00e5 ha f\u00f6rm\u00e5nen att starta min nya tj\u00e4nst inom ramen f\u00f6r traineeprogrammet under h\u00f6sten, och p\u00e5 s\u00e5 vis f\u00e5 jag forts\u00e4tta och utvecklas genom alla de utbildningar och sp\u00e4nnande inslag som traineeprogrammet erbjuder.<\/p>\n<p>S\u00e5 ser det ut just nu, en dag, en vecka, och en m\u00e5nad fram\u00e5t i tiden. N\u00e4r vi ses igenom till h\u00f6sten s\u00e5 kan vi s\u00e4kert s\u00e4ga hur \u00e5rets midsommarv\u00e4der blev. Och jag kan skriva inl\u00e4gg h\u00e4r p\u00e5 bloggen om hur jag upplever min nya tj\u00e4nst i \u00c4ngelholm.<\/p>\n<p>Jag \u00f6nskar er alla en glad midsommar!<\/p>\n<p><a href=\"http:\/\/traineegruppen.files.wordpress.com\/2012\/06\/bad.jpg\"><img decoding=\"async\" loading=\"lazy\" src=\"http:\/\/traineegruppen.files.wordpress.com\/2012\/06\/bad.jpg?w=300&amp;h=200\" alt=\"\" width=\"300\" height=\"200\" \/><\/a><\/p>\n<p>foto: Anna Olsson<\/p>\n<p>\/\/ Elin, traineeprogrammet Sk\u00e5ne Nordv\u00e4st<\/p>\n","protected":false},"excerpt":{"rendered":"<p>Idag \u00e4r det en dag kvar till midsommar, en vecka kvar till semestern, och en m\u00e5nad kvar till att jag tilltr\u00e4der min nya tj\u00e4nst. Vi b\u00f6rjar fr\u00e5n b\u00f6rjan. Imorgon \u00e4r det midsommarafton, den tidpunkt p\u00e5 \u00e5ret n\u00e4r dagen \u00e4r som l\u00e4ngst och natten som kortast.\u00a0 Jag l\u00e4ste i tidningen i morse att midsommar \u00e4r den [&hellip;]<\/p>\n","protected":false},"author":38,"featured_media":0,"comment_status":"open","ping_status":"closed","sticky":false,"template":"","format":"standard","meta":[],"categories":[225],"tags":[],"_links":{"self":[{"href":"https:\/\/www.traineebloggen.se\/index.php\/wp-json\/wp\/v2\/posts\/2037"}],"collection":[{"href":"https:\/\/www.traineebloggen.se\/index.php\/wp-json\/wp\/v2\/posts"}],"about":[{"href":"https:\/\/www.traineebloggen.se\/index.php\/wp-json\/wp\/v2\/types\/post"}],"author":[{"embeddable":true,"href":"https:\/\/www.traineebloggen.se\/index.php\/wp-json\/wp\/v2\/users\/38"}],"replies":[{"embeddable":true,"href":"https:\/\/www.traineebloggen.se\/index.php\/wp-json\/wp\/v2\/comments?post=2037"}],"version-history":[{"count":2,"href":"https:\/\/www.traineebloggen.se\/index.php\/wp-json\/wp\/v2\/posts\/2037\/revisions"}],"predecessor-version":[{"id":2039,"href":"https:\/\/www.traineebloggen.se\/index.php\/wp-json\/wp\/v2\/posts\/2037\/revisions\/2039"}],"wp:attachment":[{"href":"https:\/\/www.traineebloggen.se\/index.php\/wp-json\/wp\/v2\/media?parent=2037"}],"wp:term":[{"taxonomy":"category","embeddable":true,"href":"https:\/\/www.traineebloggen.se\/index.php\/wp-json\/wp\/v2\/categories?post=2037"},{"taxonomy":"post_tag","embeddable":true,"href":"https:\/\/www.traineebloggen.se\/index.php\/wp-json\/wp\/v2\/tags?post=2037"}],"curies":[{"name":"wp","href":"https:\/\/api.w.org\/{rel}","templated":true}]}}