{"id":1694,"date":"2012-03-01T14:36:41","date_gmt":"2012-03-01T13:36:41","guid":{"rendered":"http:\/\/www.traineebloggen.se\/?p=1694"},"modified":"2012-03-01T14:36:41","modified_gmt":"2012-03-01T13:36:41","slug":"en-smakbit-av-det-internationella","status":"publish","type":"post","link":"https:\/\/www.traineebloggen.se\/index.php\/2012\/03\/trainee\/en-smakbit-av-det-internationella\/","title":{"rendered":"En smakbit av det internationella"},"content":{"rendered":"<p>F\u00f6rra veckan fick jag ov\u00e4ntat k\u00e4nna p\u00e5 Scanias internationella sida. Sedan l\u00e4nge hade jag planerat en l\u00e5nghelg i Nederl\u00e4nderna som ett avbrott i den gr\u00e5a februarikylan, som en chans att ladda batterierna. Jag hade d\u00e4remot inte planerat att min resa \u00f6verhuvudtaget skulle ha n\u00e5got med Scania att g\u00f6ra. Men n\u00e4r det visade sig att min traineekollega Anders samtidigt skulle resa under n\u00e5gra dagar till en stad som bara ligger 20 minuter bort f\u00f6r att arbeta med ett projekt i samarbete med Scanias regionkontor, blev det lite f\u00f6r lockande f\u00f6r att st\u00e5 emot.<\/p>\n<p>P\u00e5 v\u00e4gen fr\u00e5n en tr\u00e4ff med kompisar till en annan passade jag allts\u00e5 p\u00e5 att sv\u00e4nga f\u00f6rbi Scania Benelux, regionkontoret som jag var v\u00e4ldigt nyfiken p\u00e5 inf\u00f6r mina tre m\u00e5nader p\u00e5 motsvarande kontor i Italien. D\u00e4r gick jag runt och skakade hand och lyssnade p\u00e5 titlar som jag inte ens visste fanns, och f\u00f6rundrades \u00f6ver hur mycket folk som jobbar p\u00e5 Scania utanf\u00f6r Sverige. P\u00e5 regionkontoren sitter folk och arbetar med orderl\u00e4ggning, s\u00e4lj, service, ink\u00f6p, reservdelar och en massa annat som jag inte visste att man kunde jobba med. Helt enkelt en rad olika intressanta tj\u00e4nster inom Scania utomlands.<\/p>\n<p style=\"text-align: center\"><a href=\"http:\/\/www.traineebloggen.se\/index.php\/2012\/03\/trainee\/en-smakbit-av-det-internationella\/anders_breda\/\" rel=\"attachment wp-att-1696\"><img decoding=\"async\" loading=\"lazy\" class=\"aligncenter  wp-image-1696\" src=\"http:\/\/www.traineebloggen.se\/wp-content\/uploads\/traineebloggen\/2012\/03\/anders_breda.jpg\" alt=\"\" width=\"463\" height=\"405\" \/><\/a><\/p>\n<p style=\"text-align: center\"><em>Anders framf\u00f6r Scania Benelux.<\/em><\/p>\n<p>En sak jag verkligen inte visste innan f\u00f6rra veckan var att det \u00e4r m\u00f6jligt\u00a0att jobba utomlands \u00e4ven inom utveckling p\u00e5 Scania. V\u00e5rt utvecklingscentrum finns i S\u00f6dert\u00e4lje, men vi har ocks\u00e5 ett behov att finnas d\u00e4r v\u00e5ra kunder \u00e4r, allts\u00e5 i hela v\u00e4rlden. Exempelvis har min traineekollega Anders d\u00e5 p\u00e5 sin andra praktikperiod f\u00e5tt ett projekt d\u00e4r han tittar p\u00e5 de Scaniabilar som \u00e4r sopbilar och hur de anv\u00e4nds rent tekniskt av kunderna. Detta har lett till resor f\u00f6r att tr\u00e4ffa kunder i b\u00e5de Tyskland, Nederl\u00e4nderna och snart \u00e4ven Frankrike. Jag beh\u00f6ver v\u00e4l knappast n\u00e4mna att han \u00e4r v\u00e4ldigt n\u00f6jd med sitt jobb? P\u00e5 regionkontoret tr\u00e4ffade jag ocks\u00e5 Andreas, som efter n\u00e5gra \u00e5r inom utveckling av styrsystem f\u00f6r\u00a0v\u00e4xell\u00e5dor nu har flyttat till Nederl\u00e4nderna genom Scanias Personal Exchange Program f\u00f6r att jobba med tekniskt st\u00f6d till den lokala organisationen i ett halv\u00e5r. Ett annan slags arbete \u00e4n att konstruera toppkvalitet, men inte mindre utmanande.<\/p>\n<p>Som motk\u00f6p till min rundtur p\u00e5 Scaniakontoret med Anders och Andreas tog jag med dem till mitt gamla utbytesuniversitet i Eindhoven och en sedan l\u00e4nge planerad \u00e5tertr\u00e4ff med mina kompisar. De bilderna f\u00e5r nog stanna i mitt privata fotoalbum, men jag kan bara konstatera att man alltid har kul med Scaniakollegor \ud83d\ude42<\/p>\n<p>&nbsp;<\/p>\n","protected":false},"excerpt":{"rendered":"<p>F\u00f6rra veckan fick jag ov\u00e4ntat k\u00e4nna p\u00e5 Scanias internationella sida. Sedan l\u00e4nge hade jag planerat en l\u00e5nghelg i Nederl\u00e4nderna som ett avbrott i den gr\u00e5a februarikylan, som en chans att ladda batterierna. Jag hade d\u00e4remot inte planerat att min resa \u00f6verhuvudtaget skulle ha n\u00e5got med Scania att g\u00f6ra. Men n\u00e4r det visade sig att min [&hellip;]<\/p>\n","protected":false},"author":37,"featured_media":0,"comment_status":"open","ping_status":"closed","sticky":false,"template":"","format":"standard","meta":[],"categories":[86,1],"tags":[113,141,210,194,8,100,144,209],"_links":{"self":[{"href":"https:\/\/www.traineebloggen.se\/index.php\/wp-json\/wp\/v2\/posts\/1694"}],"collection":[{"href":"https:\/\/www.traineebloggen.se\/index.php\/wp-json\/wp\/v2\/posts"}],"about":[{"href":"https:\/\/www.traineebloggen.se\/index.php\/wp-json\/wp\/v2\/types\/post"}],"author":[{"embeddable":true,"href":"https:\/\/www.traineebloggen.se\/index.php\/wp-json\/wp\/v2\/users\/37"}],"replies":[{"embeddable":true,"href":"https:\/\/www.traineebloggen.se\/index.php\/wp-json\/wp\/v2\/comments?post=1694"}],"version-history":[{"count":5,"href":"https:\/\/www.traineebloggen.se\/index.php\/wp-json\/wp\/v2\/posts\/1694\/revisions"}],"predecessor-version":[{"id":1702,"href":"https:\/\/www.traineebloggen.se\/index.php\/wp-json\/wp\/v2\/posts\/1694\/revisions\/1702"}],"wp:attachment":[{"href":"https:\/\/www.traineebloggen.se\/index.php\/wp-json\/wp\/v2\/media?parent=1694"}],"wp:term":[{"taxonomy":"category","embeddable":true,"href":"https:\/\/www.traineebloggen.se\/index.php\/wp-json\/wp\/v2\/categories?post=1694"},{"taxonomy":"post_tag","embeddable":true,"href":"https:\/\/www.traineebloggen.se\/index.php\/wp-json\/wp\/v2\/tags?post=1694"}],"curies":[{"name":"wp","href":"https:\/\/api.w.org\/{rel}","templated":true}]}}