{"id":1649,"date":"2012-02-17T13:21:35","date_gmt":"2012-02-17T12:21:35","guid":{"rendered":"http:\/\/www.traineebloggen.se\/?p=1649"},"modified":"2012-02-17T13:21:35","modified_gmt":"2012-02-17T12:21:35","slug":"tankens-kraft","status":"publish","type":"post","link":"https:\/\/www.traineebloggen.se\/index.php\/2012\/02\/trainee\/tankens-kraft\/","title":{"rendered":"Tankens kraft"},"content":{"rendered":"<p>Vecka 7 har g\u00e5tt fort. Detta p\u00e5 grund av b\u00e5de full fart p\u00e5 jobbet och p\u00e5 fritiden. Sedan har jag \u00e4ven konstaterat att det blir l\u00e4ttare och l\u00e4ttare att g\u00e5 upp p\u00e5 mornarna nu n\u00e4r det blir ljust tidigare. Nu \u00e4r det ljust redan n\u00e4r jag g\u00e5r ut till bilen p\u00e5 morgonen. H\u00e4rligt!<\/p>\n<p>I onsdags eftermiddag var jag p\u00e5 en f\u00f6rel\u00e4sning tillsammans med teknikorganisationen p\u00e5 chassiverkstaden. F\u00f6rel\u00e4sningen handlade om Tankens kraft. Hur jag b\u00e5de i mitt arbete och i det privata kan m\u00e5 b\u00e4ttre genom att t\u00e4nka r\u00e4tt och anv\u00e4nda r\u00e4tt ord i b\u00e5de tankar och tal. Huvudpunkterna som jag tog med mig fr\u00e5n eftermiddagen var f\u00f6ljande:<br \/>\n&#8211; Ge ber\u00f6m fem g\u00e5nger oftare \u00e4n du s\u00e4ger n\u00e5got negativt.<br \/>\n&#8211; Ta emot ber\u00f6m och tacksamhet innerligt och med gl\u00e4dje.<br \/>\n&#8211; Anv\u00e4nd ordet vill ist\u00e4llet f\u00f6r m\u00e5ste.<br \/>\n&#8211; Anv\u00e4nd inte ordet inte.<\/p>\n<p><em>Exempel 1: Inatt m\u00e5ste jag sova bra s\u00e5 att jag inte m\u00e5r d\u00e5ligt imorgon.<\/em><br \/>\n<em>Exempel 2: inatt vill jag sova bra s\u00e5 att jag k\u00e4nner mig pigg imorgon.<\/em><\/p>\n<p>Vilken fras v\u00e4ljer du?<\/p>\n<p>Annars har veckan p\u00e5 den privata fronten inneh\u00e5llit V\u00e4ster\u00e5svinst i S\u00f6dert\u00e4lje mot SSK, Fanny &amp; Alexander p\u00e5 Dramaten, innebandy med traineer och gymtr\u00e4ning. I helgen som var hann jag \u00e4ven med en knapp mil p\u00e5 skidor och l\u00e5ngf\u00e4rdsskridskopremi\u00e4r (f\u00f6rsta g\u00e5ngen n\u00e5gonsin).<\/p>\n<p>Nu blickar jag ut \u00f6ver sn\u00f6n som gnistrar i det str\u00e5lande solskenet och hoppas att v\u00e4dret h\u00e5ller i sig \u00f6ver helgen s\u00e5 att ytterligare en helg kan spenderas ute i den h\u00e4rliga vinterluften.<\/p>\n<p>\/Markus Wernberg<\/p>\n<p>PS. SMHI f\u00f6rs\u00f6ker motverka mina helgdr\u00f6mmar genom att h\u00e4vda att det ska bli mulet och plusgrader. DS.<\/p>\n","protected":false},"excerpt":{"rendered":"<p>Vecka 7 har g\u00e5tt fort. Detta p\u00e5 grund av b\u00e5de full fart p\u00e5 jobbet och p\u00e5 fritiden. Sedan har jag \u00e4ven konstaterat att det blir l\u00e4ttare och l\u00e4ttare att g\u00e5 upp p\u00e5 mornarna nu n\u00e4r det blir ljust tidigare. Nu \u00e4r det ljust redan n\u00e4r jag g\u00e5r ut till bilen p\u00e5 morgonen. H\u00e4rligt! I onsdags [&hellip;]<\/p>\n","protected":false},"author":36,"featured_media":0,"comment_status":"open","ping_status":"closed","sticky":false,"template":"","format":"standard","meta":[],"categories":[86],"tags":[],"_links":{"self":[{"href":"https:\/\/www.traineebloggen.se\/index.php\/wp-json\/wp\/v2\/posts\/1649"}],"collection":[{"href":"https:\/\/www.traineebloggen.se\/index.php\/wp-json\/wp\/v2\/posts"}],"about":[{"href":"https:\/\/www.traineebloggen.se\/index.php\/wp-json\/wp\/v2\/types\/post"}],"author":[{"embeddable":true,"href":"https:\/\/www.traineebloggen.se\/index.php\/wp-json\/wp\/v2\/users\/36"}],"replies":[{"embeddable":true,"href":"https:\/\/www.traineebloggen.se\/index.php\/wp-json\/wp\/v2\/comments?post=1649"}],"version-history":[{"count":1,"href":"https:\/\/www.traineebloggen.se\/index.php\/wp-json\/wp\/v2\/posts\/1649\/revisions"}],"predecessor-version":[{"id":1650,"href":"https:\/\/www.traineebloggen.se\/index.php\/wp-json\/wp\/v2\/posts\/1649\/revisions\/1650"}],"wp:attachment":[{"href":"https:\/\/www.traineebloggen.se\/index.php\/wp-json\/wp\/v2\/media?parent=1649"}],"wp:term":[{"taxonomy":"category","embeddable":true,"href":"https:\/\/www.traineebloggen.se\/index.php\/wp-json\/wp\/v2\/categories?post=1649"},{"taxonomy":"post_tag","embeddable":true,"href":"https:\/\/www.traineebloggen.se\/index.php\/wp-json\/wp\/v2\/tags?post=1649"}],"curies":[{"name":"wp","href":"https:\/\/api.w.org\/{rel}","templated":true}]}}