{"id":1568,"date":"2012-01-17T15:41:11","date_gmt":"2012-01-17T14:41:11","guid":{"rendered":"http:\/\/www.traineebloggen.se\/?p=1568"},"modified":"2012-01-17T15:41:11","modified_gmt":"2012-01-17T14:41:11","slug":"ska-man-eller-ska-man-inte","status":"publish","type":"post","link":"https:\/\/www.traineebloggen.se\/index.php\/2012\/01\/trainee\/ska-man-eller-ska-man-inte\/","title":{"rendered":"Ska MAN eller ska MAN inte?"},"content":{"rendered":"<p>Just nu har jag det v\u00e4ldigt lugnt. Otrolig kontrast gentemot produktionens pulserande vardag. Jag sitter f\u00f6r tillf\u00e4llet mellan tv\u00e5 stolar eller r\u00e4ttare sagt mellan tv\u00e5 olika avdelningar och projekt. Jag ska l\u00e4mna POL f\u00f6r att ta en konsultande roll p\u00e5 en leverant\u00f6r till Scania. Mitt uppdrag \u00e4r att st\u00f6tta en leverant\u00f6rs ink\u00f6psarbete och jag\u00a0kommer d\u00e4rmed vara p\u00e5 plats dagligen hos leverant\u00f6ren. Lite tr\u00e5kigt att inte f\u00e5 k\u00f6ra klart mina veckor p\u00e5 POL d\u00e5 jag verkligen trivdes som fisken i vattnet n\u00e4r jag var ute p\u00e5 turn\u00e9 i Sm\u00e5land f\u00f6rra veckan. Leverant\u00f6rsbes\u00f6ken gick riktigt bra och jag k\u00e4nde att jag kunde tillf\u00f6ra n\u00e5got trots att jag \u00e4r helt f\u00e4rsk p\u00e5 avdelningen. P\u00e5 grund av detta tillf\u00e4lliga tomrum av arbete \u00e4gnar jag mig \u00e5t att mingla i korridorerna, l\u00e4sa p\u00e5 om Scanias ink\u00f6psprocess och skriva blogginl\u00e4gg.<\/p>\n<p>En intressant nyhet som publicerades f\u00f6rra veckan var Leif \u00d6stlings utspel om att Scania och MAN inte ska ing\u00e5 n\u00e5got n\u00e4rmare samarbete och att detta har f\u00f6rankrats i Volkswagens ledning. L\u00e4s mer om detta <a href=\"http:\/\/di.se\/Default.aspx?sr=23&amp;tr=298402&amp;rlt=0&amp;pid=255756__ArticlePageProvider&amp;epslanguage=sv&amp;referrer\" target=\"_blank\">h\u00e4r<\/a>. Huruvida detta \u00e4r bra eller d\u00e5ligt har jag alldeles f\u00f6r lite insikt i f\u00f6r att kunna kommentera. Det man dock kan konstatera \u00e4r att n\u00e4r \u00d6stling inte l\u00e4ngre \u00e4r VD f\u00f6r Scania \u00e4r chansen eller risken (beroende p\u00e5 hur man vill se det) mycket st\u00f6rre att det blir n\u00e5gon form av samarbete eller sammanslagning mellan Scania och MAN. F\u00f6r som det k\u00e4nns just nu \u00e4r det \u00d6stling som sitter med trumf p\u00e5 hand och trumfen beh\u00e5ller han \u00e5tminstone fram till 2015.<\/p>\n","protected":false},"excerpt":{"rendered":"<p>Just nu har jag det v\u00e4ldigt lugnt. Otrolig kontrast gentemot produktionens pulserande vardag. Jag sitter f\u00f6r tillf\u00e4llet mellan tv\u00e5 stolar eller r\u00e4ttare sagt mellan tv\u00e5 olika avdelningar och projekt. Jag ska l\u00e4mna POL f\u00f6r att ta en konsultande roll p\u00e5 en leverant\u00f6r till Scania. Mitt uppdrag \u00e4r att st\u00f6tta en leverant\u00f6rs ink\u00f6psarbete och jag\u00a0kommer d\u00e4rmed [&hellip;]<\/p>\n","protected":false},"author":36,"featured_media":0,"comment_status":"open","ping_status":"closed","sticky":false,"template":"","format":"standard","meta":[],"categories":[86],"tags":[],"_links":{"self":[{"href":"https:\/\/www.traineebloggen.se\/index.php\/wp-json\/wp\/v2\/posts\/1568"}],"collection":[{"href":"https:\/\/www.traineebloggen.se\/index.php\/wp-json\/wp\/v2\/posts"}],"about":[{"href":"https:\/\/www.traineebloggen.se\/index.php\/wp-json\/wp\/v2\/types\/post"}],"author":[{"embeddable":true,"href":"https:\/\/www.traineebloggen.se\/index.php\/wp-json\/wp\/v2\/users\/36"}],"replies":[{"embeddable":true,"href":"https:\/\/www.traineebloggen.se\/index.php\/wp-json\/wp\/v2\/comments?post=1568"}],"version-history":[{"count":2,"href":"https:\/\/www.traineebloggen.se\/index.php\/wp-json\/wp\/v2\/posts\/1568\/revisions"}],"predecessor-version":[{"id":1570,"href":"https:\/\/www.traineebloggen.se\/index.php\/wp-json\/wp\/v2\/posts\/1568\/revisions\/1570"}],"wp:attachment":[{"href":"https:\/\/www.traineebloggen.se\/index.php\/wp-json\/wp\/v2\/media?parent=1568"}],"wp:term":[{"taxonomy":"category","embeddable":true,"href":"https:\/\/www.traineebloggen.se\/index.php\/wp-json\/wp\/v2\/categories?post=1568"},{"taxonomy":"post_tag","embeddable":true,"href":"https:\/\/www.traineebloggen.se\/index.php\/wp-json\/wp\/v2\/tags?post=1568"}],"curies":[{"name":"wp","href":"https:\/\/api.w.org\/{rel}","templated":true}]}}