{"id":1303,"date":"2011-11-30T17:02:01","date_gmt":"2011-11-30T16:02:01","guid":{"rendered":"http:\/\/www.traineebloggen.se\/?p=1303"},"modified":"2011-11-30T17:02:10","modified_gmt":"2011-11-30T16:02:10","slug":"i-den-harda-verkligheten","status":"publish","type":"post","link":"https:\/\/www.traineebloggen.se\/index.php\/2011\/11\/trainee\/i-den-harda-verkligheten\/","title":{"rendered":"I den (h\u00e5rda) verkligheten"},"content":{"rendered":"<p>Jahapp! D\u00e5 har jag l\u00e4mnat traineelivet bakom mig. Inga mer rosenkantade uppdrag och \u00f6versn\u00e4lla handledare, nu stundar piskornas och utsk\u00e4llningarnas tid\u00a0ist\u00e4llet&#8230;<\/p>\n<p>Eller va? Nej. Oj. S\u00e5 var det visst inte! Idag k\u00e4nns det faktiskt mest som om jag b\u00f6rjat p\u00e5 min femte traineeperiod. Jag kommer g\u00e5 parallellt med en kollega ett tag f\u00f6r att l\u00e4ra mig vad en tj\u00e4nsteansvarig g\u00f6r, f\u00f6r att sedan ta \u00f6ver ansvaret f\u00f6r v\u00e5r Microsoft Lync-tj\u00e4nst (t\u00e4nk Skype). S\u00e5 &#8220;traineeperiod fem&#8221; kommer vara en gradvis \u00f6verg\u00e5ng till att bli &#8220;medarbetare&#8221;, mest troligt kommer jag inte m\u00e4rka n\u00e4r det skiftar \u00f6ver. Detta inneb\u00e4r ju ocks\u00e5 att det inte \u00e4r s\u00e5 farligt att sluta vara trainee. Jag jobbar ju p\u00e5 samma f\u00f6retag, med bekanta m\u00e4nniskor, och f\u00e5r g\u00f6ra samma roliga saker, kryddat med lite ansvar. Det \u00e4r nog, som mitt mantra b\u00f6rjar bli, v\u00e4ldigt mycket upp till mig hur detta slutar. Kul!<\/p>\n<p>Vad g\u00f6r en tj\u00e4nsteansvarig p\u00e5 Scania IT? Hittills har jag luskat ut tv\u00e5 huvuduppgifter ur ett stort moln med buzzwords och fikaprat:<\/p>\n<ul>\n<li>Ekonomiansvar f\u00f6r tj\u00e4nsten: Budgetera, planera, prognosticera, priss\u00e4tta och s\u00e5 vidare<\/li>\n<li>Marknadsansvar f\u00f6r tj\u00e4nsten: Snacka, s\u00e4lja, paketera, marknadsf\u00f6ra, rekommendera, utveckla, tipsa, ja ni fattar<\/li>\n<\/ul>\n<p>Tekniskt ansvar har jag inte. Det sk\u00f6ter v\u00e5ra duktiga tekniker om. Mer om detaljerna i mitt jobb i ett senare inl\u00e4gg n\u00e4r jag f\u00e5tt lite b\u00e4ttre grepp! \u00a0<\/p>\n<p>Varf\u00f6r var det bra f\u00f6r mig att g\u00e5 traineeprogrammet, om jag jobbar som tj\u00e4nsteansvarig? Det tar vi n\u00e4sta g\u00e5ng, f\u00f6r det \u00e4r en j\u00e4vla massa \ud83d\ude09<\/p>\n<p>&nbsp;<\/p>\n","protected":false},"excerpt":{"rendered":"<p>Jahapp! D\u00e5 har jag l\u00e4mnat traineelivet bakom mig. Inga mer rosenkantade uppdrag och \u00f6versn\u00e4lla handledare, nu stundar piskornas och utsk\u00e4llningarnas tid\u00a0ist\u00e4llet&#8230; Eller va? Nej. Oj. S\u00e5 var det visst inte! Idag k\u00e4nns det faktiskt mest som om jag b\u00f6rjat p\u00e5 min femte traineeperiod. Jag kommer g\u00e5 parallellt med en kollega ett tag f\u00f6r att l\u00e4ra [&hellip;]<\/p>\n","protected":false},"author":20,"featured_media":0,"comment_status":"open","ping_status":"closed","sticky":false,"template":"","format":"standard","meta":[],"categories":[86,1],"tags":[],"_links":{"self":[{"href":"https:\/\/www.traineebloggen.se\/index.php\/wp-json\/wp\/v2\/posts\/1303"}],"collection":[{"href":"https:\/\/www.traineebloggen.se\/index.php\/wp-json\/wp\/v2\/posts"}],"about":[{"href":"https:\/\/www.traineebloggen.se\/index.php\/wp-json\/wp\/v2\/types\/post"}],"author":[{"embeddable":true,"href":"https:\/\/www.traineebloggen.se\/index.php\/wp-json\/wp\/v2\/users\/20"}],"replies":[{"embeddable":true,"href":"https:\/\/www.traineebloggen.se\/index.php\/wp-json\/wp\/v2\/comments?post=1303"}],"version-history":[{"count":4,"href":"https:\/\/www.traineebloggen.se\/index.php\/wp-json\/wp\/v2\/posts\/1303\/revisions"}],"predecessor-version":[{"id":1307,"href":"https:\/\/www.traineebloggen.se\/index.php\/wp-json\/wp\/v2\/posts\/1303\/revisions\/1307"}],"wp:attachment":[{"href":"https:\/\/www.traineebloggen.se\/index.php\/wp-json\/wp\/v2\/media?parent=1303"}],"wp:term":[{"taxonomy":"category","embeddable":true,"href":"https:\/\/www.traineebloggen.se\/index.php\/wp-json\/wp\/v2\/categories?post=1303"},{"taxonomy":"post_tag","embeddable":true,"href":"https:\/\/www.traineebloggen.se\/index.php\/wp-json\/wp\/v2\/tags?post=1303"}],"curies":[{"name":"wp","href":"https:\/\/api.w.org\/{rel}","templated":true}]}}