{"id":1114,"date":"2011-11-08T10:49:29","date_gmt":"2011-11-08T09:49:29","guid":{"rendered":"http:\/\/www.traineebloggen.se\/?p=1114"},"modified":"2011-11-08T10:49:29","modified_gmt":"2011-11-08T09:49:29","slug":"uppdatering","status":"publish","type":"post","link":"https:\/\/www.traineebloggen.se\/index.php\/2011\/11\/trainee\/uppdatering\/","title":{"rendered":"Uppdatering"},"content":{"rendered":"<p>Hej!<\/p>\n<p>Tv\u00e5 veckor kvar, och det \u00e4r s\u00e5 att s\u00e4ga dags att knyta ihop s\u00e4cken. Jag \u00e4r sj\u00e4lv r\u00e4tt n\u00f6jd med perioden h\u00e4r i Madrid, men l\u00e4mnar det till utv\u00e4rderingen f\u00f6r att se om det \u00e4r vad chefen ocks\u00e5 tycker =) Utv\u00e4rdering ja, det har jag inte ber\u00e4ttat men efter varje traineeperiod, som sig b\u00f6r, har jag en utv\u00e4rdering med min n\u00e4rmaste chef samt den person som varit min handledare. Det \u00e4r en bra sak att g\u00f6ra, utv\u00e4rdera. Annars finns inte utrymme f\u00f6r att bli b\u00e4ttre! Om ingen ber\u00e4ttar f\u00f6r mig vad jag \u00e4r bra respektive mindre bra p\u00e5 s\u00e5 f\u00e5r jag ingen chans att utvecklas. Jag misst\u00e4nker att man h\u00e5ller tillbaka p\u00e5 kritiken ibland, eller s\u00e5 \u00e4r det bara jag som \u00e4r grym? =) Jag ska be om en tuff utv\u00e4rdering denna g\u00e5ng, f\u00f6r s\u00e4kerhets skull!<\/p>\n<p>Tillbaka till Madrid. Det har blivit vinter h\u00e4r, och passande nog l\u00e4ser jag just en bok som heter \u201dWinter In Madrid\u201d. Vinter \u00e4r inte som vintern i Kiruna direkt, utan kanske mer som en vanlig svensk h\u00f6st. S\u00e5 det goda livet med uteserveringar som jag levde hela september och oktober har bytts ut mot varm choklad och museer. Jag var p\u00e5 det v\u00e4lk\u00e4nda (tillika gigantiska)\u00a0Prado-museet i helgen, med avsikten att klara av hela. Fyra timmar senare och helt f\u00e4rdig, med\u00a0huvudet fullt av religi\u00f6sa motiv och kungaportr\u00e4tt var jag klar. Vilken kamp! En rekommendation f\u00f6r dig som \u00e5ker till Madrid en kortare sv\u00e4ng av weekend-typ: V\u00e4lj ut ett av konstmuseerna, och v\u00e4lj sen vilka delar du vill se. Att f\u00f6rs\u00f6ka se allt p\u00e5 en g\u00e5ng blir mest pannkaka och du blir less.<\/p>\n<p>P\u00e5 torsdag har jag en presentation f\u00f6r ledningen. Det \u00e4r s\u00e5klart lite nerv\u00f6st, men jag kommer g\u00f6ra den p\u00e5 engelska och inte spanska vilket k\u00e4nns tryggare. Spr\u00e5ket beror p\u00e5 att det \u00e4r n\u00e5gra \u00e5h\u00f6rare som inte pratar spanska, och koncernspr\u00e5ket \u00e4r engelska s\u00e5 all min dokumentation \u00e4r p\u00e5 engelska och ja ni fattar. Det blir on\u00f6digt kr\u00e5ngligt att \u00f6vers\u00e4tta.\u00a0Presentationen handlar om det sp\u00e4nnande omr\u00e5det Unified Communications, hur vi dels kan spara pengar p\u00e5 teler\u00e4kningar och resor men framf\u00f6r allt skapa f\u00f6ruts\u00e4ttningar f\u00f6r b\u00e4ttre, smartare, snabbare samarbete och kommunikation. Utmaningen i en s\u00e5n presentation \u00e4r att l\u00e4gga det p\u00e5 r\u00e4tt niv\u00e5: inte vara f\u00f6r teknisk men samtidigt inte f\u00e5 \u00e5h\u00f6rarna att tappa intresset f\u00f6r att jag ber\u00e4ttar trivialiteter som de redan k\u00e4nner till.<\/p>\n<p>Ut\u00f6ver det hoppas jag hinna bli klar med mitt arbete kring att hitta en leverant\u00f6r som kan ta \u00f6ver driften \u00f6ver v\u00e5r skrivarmilj\u00f6 och l\u00e5ta oss k\u00f6pa den som tj\u00e4nst ist\u00e4llet, s.k. Managed Print. Lyckas det s\u00e5 f\u00e5r vi l\u00e4gre kostnader f\u00f6r utskrifter med en tredjedel ungef\u00e4r, samtidigt som den ganska kompetenta IT-personalen h\u00e4r kan \u00e4gna sig \u00e5t mer v\u00e4rdeskapande aktiviteter \u00e4n att byta bl\u00e4ckpatroner och toners.<\/p>\n<p>Trevlig helg! (ja, det \u00e4r visst\u00a0n\u00e5got helgon som firas imorgon = r\u00f6d dag)<\/p>\n","protected":false},"excerpt":{"rendered":"<p>Hej! Tv\u00e5 veckor kvar, och det \u00e4r s\u00e5 att s\u00e4ga dags att knyta ihop s\u00e4cken. Jag \u00e4r sj\u00e4lv r\u00e4tt n\u00f6jd med perioden h\u00e4r i Madrid, men l\u00e4mnar det till utv\u00e4rderingen f\u00f6r att se om det \u00e4r vad chefen ocks\u00e5 tycker =) Utv\u00e4rdering ja, det har jag inte ber\u00e4ttat men efter varje traineeperiod, som sig b\u00f6r, [&hellip;]<\/p>\n","protected":false},"author":20,"featured_media":0,"comment_status":"open","ping_status":"open","sticky":false,"template":"","format":"standard","meta":[],"categories":[86,1],"tags":[140,139,138],"_links":{"self":[{"href":"https:\/\/www.traineebloggen.se\/index.php\/wp-json\/wp\/v2\/posts\/1114"}],"collection":[{"href":"https:\/\/www.traineebloggen.se\/index.php\/wp-json\/wp\/v2\/posts"}],"about":[{"href":"https:\/\/www.traineebloggen.se\/index.php\/wp-json\/wp\/v2\/types\/post"}],"author":[{"embeddable":true,"href":"https:\/\/www.traineebloggen.se\/index.php\/wp-json\/wp\/v2\/users\/20"}],"replies":[{"embeddable":true,"href":"https:\/\/www.traineebloggen.se\/index.php\/wp-json\/wp\/v2\/comments?post=1114"}],"version-history":[{"count":2,"href":"https:\/\/www.traineebloggen.se\/index.php\/wp-json\/wp\/v2\/posts\/1114\/revisions"}],"predecessor-version":[{"id":1118,"href":"https:\/\/www.traineebloggen.se\/index.php\/wp-json\/wp\/v2\/posts\/1114\/revisions\/1118"}],"wp:attachment":[{"href":"https:\/\/www.traineebloggen.se\/index.php\/wp-json\/wp\/v2\/media?parent=1114"}],"wp:term":[{"taxonomy":"category","embeddable":true,"href":"https:\/\/www.traineebloggen.se\/index.php\/wp-json\/wp\/v2\/categories?post=1114"},{"taxonomy":"post_tag","embeddable":true,"href":"https:\/\/www.traineebloggen.se\/index.php\/wp-json\/wp\/v2\/tags?post=1114"}],"curies":[{"name":"wp","href":"https:\/\/api.w.org\/{rel}","templated":true}]}}