{"id":1040,"date":"2011-09-29T14:22:10","date_gmt":"2011-09-29T13:22:10","guid":{"rendered":"http:\/\/www.traineebloggen.se\/?p=1040"},"modified":"2011-09-29T14:22:10","modified_gmt":"2011-09-29T13:22:10","slug":"ett-traineear","status":"publish","type":"post","link":"https:\/\/www.traineebloggen.se\/index.php\/2011\/09\/trainee\/ett-traineear\/","title":{"rendered":"Ett trainee\u00e5r"},"content":{"rendered":"<p>Nu har det v\u00e4ldigt snart g\u00e5tt ett \u00e5r av min tid p\u00e5 Siemens, den 1 okt 2010 b\u00f6rjade det fem lagom nerv\u00f6sa traineer p\u00e5 Siemens AB. F\u00f6rsta dagen spenderade vi inne i Stockholm p\u00e5 teknikf\u00f6retagens lokaler vid \u00d6stermalmstorg. En trevlig dag med massor av information om \u00e5ret vi hade framf\u00f6r oss men ocks\u00e5 en introduktion av oss sj\u00e4lva &#8211; vilka var vi fem som skulle jobba tillsammans under de kommande m\u00e5naderna? Dagen gick mycket snabbt och vi avslutade det hela med matlagning av den h\u00f6gre skolan tillsammans med Aveqia. Dagarna som har f\u00f6ljt dessa har f\u00f6r det mesta varit lika inneh\u00e5llsrika och de flesta har rusat fram, tyv\u00e4rr har de flesta dock inte spenderats inne i Sthlm utan ute\u00a0p\u00e5 kontoret i V\u00e4sby. F\u00f6r att vara helt rak s\u00e5 \u00e4r det v\u00e4l den st\u00f6rsta nackdelen med v\u00e5rt kontor (och f\u00f6r den delen trainee\u00e5ret) varit dess placering. Nu sitter jag i Frimley &#8211; vilket man skulle kunna s\u00e4ga \u00e4r ungef\u00e4r Londons motsvarighet till V\u00e4sby &#8211; men kontoret \u00e4r h\u00e4rligt (se BILD nedan) och v\u00e4dret \u00e4n mer fantastiskt &#8211; vi har verkligen f\u00e5tt en h\u00e4rlig brittsommar h\u00e4r och det \u00e4r sv\u00e5rt att f\u00f6rst\u00e5 att det snart \u00e4r oktober n\u00e4r termometern visar 25 grader och de s\u00e4ger att det ska h\u00e5lla i sig \u00f6ver helgen ocks\u00e5!<\/p>\n<p><a href=\"http:\/\/www.traineebloggen.se\/index.php\/2011\/09\/trainee\/ett-traineear\/attachment\/20110929013\/\" rel=\"attachment wp-att-1036\"><img decoding=\"async\" loading=\"lazy\" class=\"alignnone size-full wp-image-1036\" src=\"http:\/\/www.traineebloggen.se\/wp-content\/uploads\/traineebloggen\/2011\/09\/20110929013.jpg\" alt=\"\" width=\"375\" height=\"413\" \/><\/a><\/p>\n<p>Inuti ser kontoret ut som de flesta nya Siemens kontor g\u00f6r &#8211; mycket \u00f6ppna ytor, kontorslandskap och glas &#8211; och s\u00e5 de obligatoriska f\u00e4rgklickarna s\u00e5 klart &#8211; vi \u00e4r inte Google diret\u00a0&#8211; men vi kan allt skoja till det lite vi ocks\u00e5! Vi sitter i kontorslandskap h\u00e4r &#8211; vilket \u00e4r en liten omst\u00e4llning fr\u00e5n mitt egna kontor som jag har i Sverige, men jag tycker fyra veckor in i praktiken att det n\u00e4stan bara \u00e4r f\u00f6rdelar med att sitta s\u00e5 h\u00e4r &#8211;\u00a0mer socialt (framf\u00f6rallt positivt d\u00e5 konceptet fika tillsammans inte verkar\u00a0finnas h\u00e4r)\u00a0och enklare att snabbt st\u00e4lla fr\u00e5gor till andra.<\/p>\n<p><a href=\"http:\/\/www.traineebloggen.se\/index.php\/2011\/09\/trainee\/ett-traineear\/attachment\/20110929018\/\" rel=\"attachment wp-att-1043\"><img decoding=\"async\" loading=\"lazy\" class=\"alignnone size-full wp-image-1043\" src=\"http:\/\/www.traineebloggen.se\/wp-content\/uploads\/traineebloggen\/2011\/09\/20110929018.jpg\" alt=\"\" width=\"380\" height=\"642\" \/><\/a><\/p>\n<p>Mamma och jag spenderade helgen i Windsor och kollade bland annat p\u00e5 slottet- mycket intressant\u00a0&#8211; speciellt f\u00f6r mig som m\u00e5ndagen innan hade sett &#8220;The Queen&#8217;s Palaces&#8221; om just Windsor p\u00e5 BBC och som tycker att slott i allm\u00e4nhet \u00e4r ganska sp\u00e4nnande. Tyv\u00e4rr var dock inte drottningen hemma (och allts\u00e5 heller inga prinsar &#8211; min egna slutsats) vilket man ser p\u00e5 bilden nedan genom att det \u00e4r den Brittiska flaggan som \u00e4r hissad och inte The Royal Standard som det i s\u00e5 fall hade varit &#8211; jag kunde ha tagit en bild n\u00e4r jag\u00a0faktiskt var vid slottet s\u00e5 hade det ocks\u00e5 synts &#8211; nu f\u00e5r ni helt enkelt ta mitt ord f\u00f6r det.<\/p>\n<p>\u00a0<a href=\"http:\/\/www.traineebloggen.se\/?attachment_id=1031\" rel=\"attachment wp-att-1031\"><img decoding=\"async\" loading=\"lazy\" class=\"alignnone size-full wp-image-1031\" src=\"http:\/\/www.traineebloggen.se\/wp-content\/uploads\/traineebloggen\/2011\/09\/201109250111.jpg\" alt=\"\" width=\"380\" height=\"500\" \/><\/a><\/p>\n<p>Den\u00a0h\u00e4r helgen kommer Sofia \u00f6ver till London och f\u00f6r det \u00e4r jag s\u00e5 h\u00e4r glad &#8211; och f\u00f6rhoppningsvis Sofia ocks\u00e5!<\/p>\n<p>\u00a0<a href=\"http:\/\/www.traineebloggen.se\/index.php\/2011\/09\/trainee\/ett-traineear\/carroochsofia\/\" rel=\"attachment wp-att-1038\"><img decoding=\"async\" loading=\"lazy\" class=\"alignnone size-full wp-image-1038\" src=\"http:\/\/www.traineebloggen.se\/wp-content\/uploads\/traineebloggen\/2011\/09\/Carroochsofia.jpg\" alt=\"\" width=\"199\" height=\"238\" \/><\/a><\/p>\n<p>\u00a0Hej hej!<\/p>\n","protected":false},"excerpt":{"rendered":"<p>Nu har det v\u00e4ldigt snart g\u00e5tt ett \u00e5r av min tid p\u00e5 Siemens, den 1 okt 2010 b\u00f6rjade det fem lagom nerv\u00f6sa traineer p\u00e5 Siemens AB. F\u00f6rsta dagen spenderade vi inne i Stockholm p\u00e5 teknikf\u00f6retagens lokaler vid \u00d6stermalmstorg. En trevlig dag med massor av information om \u00e5ret vi hade framf\u00f6r oss men ocks\u00e5 en introduktion [&hellip;]<\/p>\n","protected":false},"author":29,"featured_media":0,"comment_status":"open","ping_status":"open","sticky":false,"template":"","format":"standard","meta":[],"categories":[136],"tags":[],"_links":{"self":[{"href":"https:\/\/www.traineebloggen.se\/index.php\/wp-json\/wp\/v2\/posts\/1040"}],"collection":[{"href":"https:\/\/www.traineebloggen.se\/index.php\/wp-json\/wp\/v2\/posts"}],"about":[{"href":"https:\/\/www.traineebloggen.se\/index.php\/wp-json\/wp\/v2\/types\/post"}],"author":[{"embeddable":true,"href":"https:\/\/www.traineebloggen.se\/index.php\/wp-json\/wp\/v2\/users\/29"}],"replies":[{"embeddable":true,"href":"https:\/\/www.traineebloggen.se\/index.php\/wp-json\/wp\/v2\/comments?post=1040"}],"version-history":[{"count":5,"href":"https:\/\/www.traineebloggen.se\/index.php\/wp-json\/wp\/v2\/posts\/1040\/revisions"}],"predecessor-version":[{"id":1082,"href":"https:\/\/www.traineebloggen.se\/index.php\/wp-json\/wp\/v2\/posts\/1040\/revisions\/1082"}],"wp:attachment":[{"href":"https:\/\/www.traineebloggen.se\/index.php\/wp-json\/wp\/v2\/media?parent=1040"}],"wp:term":[{"taxonomy":"category","embeddable":true,"href":"https:\/\/www.traineebloggen.se\/index.php\/wp-json\/wp\/v2\/categories?post=1040"},{"taxonomy":"post_tag","embeddable":true,"href":"https:\/\/www.traineebloggen.se\/index.php\/wp-json\/wp\/v2\/tags?post=1040"}],"curies":[{"name":"wp","href":"https:\/\/api.w.org\/{rel}","templated":true}]}}